{"id":1159585,"date":"2026-08-31T18:04:13","date_gmt":"2026-08-31T18:04:13","guid":{"rendered":"https:\/\/www.europesays.com\/fr\/1159585\/"},"modified":"2026-08-31T18:04:13","modified_gmt":"2026-08-31T18:04:13","slug":"en-2026-toujours-moins-deleves-dans-lacademie-aix-marseille","status":"publish","type":"post","link":"https:\/\/www.europesays.com\/fr\/1159585\/","title":{"rendered":"En\u00a02026, toujours moins d\u2019\u00e9l\u00e8ves dans l\u2019acad\u00e9mie Aix-Marseille"},"content":{"rendered":"<p>\u00ab\u00a0\u00c0 horizon 2035, le syst\u00e8me \u00e9ducatif devrait perdre 1,7\u00a0million d\u2019\u00e9l\u00e8ves par rapport \u00e0 la rentr\u00e9e\u00a02025. Entre\u00a02018 et\u00a02035, le syst\u00e8me \u00e9ducatif fran\u00e7ais aura ainsi perdu pr\u00e8s de 20% de ses \u00e9l\u00e8ves.\u00a0\u00bb C\u2019est en ces termes que le <a href=\"https:\/\/www.laprovence.com\/article\/societe\/5749729756236314\/la-maitrise-du-langage-est-ma-priorite-absolue-affirme-le-ministre-de-leducation-nationale-edouard-geffray\" target=\"_self\" rel=\"nofollow noopener\">minist\u00e8re de l\u2019\u00c9ducation nationale<\/a> d\u00e9voile sa strat\u00e9gie face \u00e0 \u00ab\u00a0l\u2019enjeu d\u00e9mographique\u00a0\u00bb de la rentr\u00e9e\u00a02026.<\/p>\n<p>Si notre acad\u00e9mie est \u00ab\u00a0un peu moins touch\u00e9e par la <a href=\"https:\/\/www.laprovence.com\/article\/opinions\/3241625528876114\/edito-demographie-climat-il-va-bien-falloir-un-jour-en-parler\" target=\"_self\" rel=\"nofollow noopener\">baisse d\u00e9mographique<\/a> que les autres\u00a0\u00bb, selon le recteur <a href=\"https:\/\/www.laprovence.com\/article\/societe\/56733313879997\/enseigner-un-metier-noble-et-exigeant-notre-interview-du-recteur-de-lacademie-daix-marseille-benoit-delaunay\" target=\"_self\" rel=\"nofollow noopener\">Beno\u00eet Delaunay<\/a>, les \u00e9quipes du rectorat se pr\u00e9parent aussi \u00e0 cette \u00e9volution. Par rapport \u00e0 la rentr\u00e9e derni\u00e8re, l\u2019acad\u00e9mie perd 5\u00a0082 \u00e9l\u00e8ves dans le premier degr\u00e9 et 730 dans le second degr\u00e9.<\/p>\n<p>Pour mieux anticiper ces \u00e9volutions, une exp\u00e9rimentation a lieu dans 18 d\u00e9partements au niveau national, dont les Hautes-Alpes. Dans ces territoires, la carte scolaire est pr\u00e9vue sur le long terme.<\/p>\n<p>\u00ab\u00a0Ce travail a commenc\u00e9 d\u00e8s le printemps\u00a0\u00bb et entend \u00e9mettre des \u00ab\u00a0projections d\u2019effectifs \u00e0 cinq et \u00e0 dix ans\u00a0\u00bb, explique Mathieu Sieye, inspecteur acad\u00e9mique des Hautes-Alpes pr\u00e9sent aux c\u00f4t\u00e9s de Beno\u00eet Delaunay lors de la conf\u00e9rence de presse de <a href=\"https:\/\/www.laprovence.com\/article\/politique\/13209488888683\/rentree-scolaire-dans-les-ecoles-la-levee-des-couleurs-voulue-par-ciotti-ne-pourra-pas-se-faire-previent-geffray\" target=\"_self\" rel=\"nofollow noopener\">rentr\u00e9e<\/a> qui s\u2019est tenue ce lundi 31\u00a0ao\u00fbt au rectorat, \u00e0 Aix.<\/p>\n<p>\u00ab\u00a0Une bouff\u00e9e d\u2019oxyg\u00e8ne\u00a0\u00bb<\/p>\n<p>Dans les Hautes-Alpes, la baisse&#8230;<\/p>\n","protected":false},"excerpt":{"rendered":"\u00ab\u00a0\u00c0 horizon 2035, le syst\u00e8me \u00e9ducatif devrait perdre 1,7\u00a0million d\u2019\u00e9l\u00e8ves par rapport \u00e0 la rentr\u00e9e\u00a02025. Entre\u00a02018 et\u00a02035, le&hellip;\n","protected":false},"author":2,"featured_media":1159586,"comment_status":"","ping_status":"","sticky":false,"template":"","format":"standard","meta":{"footnotes":"","_share_on_mastodon":"0"},"categories":[2814],"tags":[5734,1111,11,33231,51149,1446,119134,1777,674,1011,27,36451,884,379,12,882,25,104,1810],"class_list":["post-1159585","post","type-post","status-publish","format-standard","has-post-thumbnail","category-marseille","tag-5734","tag-actu","tag-actualites","tag-aix-marseille","tag-deleves","tag-dans","tag-en-2026","tag-eu","tag-europe","tag-fr","tag-france","tag-lacademie","tag-marseille","tag-moins","tag-news","tag-provence-alpes-cote-dazur","tag-republique-francaise","tag-societe","tag-toujours"],"share_on_mastodon":{"url":"https:\/\/pubeurope.com\/@fr\/117191447066968163","error":""},"_links":{"self":[{"href":"https:\/\/www.europesays.com\/fr\/wp-json\/wp\/v2\/posts\/1159585","targetHints":{"allow":["GET"]}}],"collection":[{"href":"https:\/\/www.europesays.com\/fr\/wp-json\/wp\/v2\/posts"}],"about":[{"href":"https:\/\/www.europesays.com\/fr\/wp-json\/wp\/v2\/types\/post"}],"author":[{"embeddable":true,"href":"https:\/\/www.europesays.com\/fr\/wp-json\/wp\/v2\/users\/2"}],"replies":[{"embeddable":true,"href":"https:\/\/www.europesays.com\/fr\/wp-json\/wp\/v2\/comments?post=1159585"}],"version-history":[{"count":0,"href":"https:\/\/www.europesays.com\/fr\/wp-json\/wp\/v2\/posts\/1159585\/revisions"}],"wp:featuredmedia":[{"embeddable":true,"href":"https:\/\/www.europesays.com\/fr\/wp-json\/wp\/v2\/media\/1159586"}],"wp:attachment":[{"href":"https:\/\/www.europesays.com\/fr\/wp-json\/wp\/v2\/media?parent=1159585"}],"wp:term":[{"taxonomy":"category","embeddable":true,"href":"https:\/\/www.europesays.com\/fr\/wp-json\/wp\/v2\/categories?post=1159585"},{"taxonomy":"post_tag","embeddable":true,"href":"https:\/\/www.europesays.com\/fr\/wp-json\/wp\/v2\/tags?post=1159585"}],"curies":[{"name":"wp","href":"https:\/\/api.w.org\/{rel}","templated":true}]}}