{"id":1159601,"date":"2026-08-31T18:19:19","date_gmt":"2026-08-31T18:19:19","guid":{"rendered":"https:\/\/www.europesays.com\/fr\/1159601\/"},"modified":"2026-08-31T18:19:19","modified_gmt":"2026-08-31T18:19:19","slug":"ocs-le-contre-sommet-de-la-chine-la-russie-et-liran-regarder-lemission-complete","status":"publish","type":"post","link":"https:\/\/www.europesays.com\/fr\/1159601\/","title":{"rendered":"OCS : le contre-sommet de la Chine, la Russie et l&rsquo;Iran &#8211; Regarder l\u2019\u00e9mission compl\u00e8te"},"content":{"rendered":"<p>L&rsquo;Organisation de coop\u00e9ration de Shanghai (OCS) se r\u00e9unit les 31 ao\u00fbt et 1er septembre dans la capitale du Kirghizstan. Parmi les membres de l&rsquo;OCS pr\u00e9sents \u00e0 Bichkek : la Chine, la Russie, l&rsquo;Iran, la Turquie, l&rsquo;Inde et le Pakistan. Vladimir Poutine et Xi Jinping en ont profit\u00e9 pour vanter la force de leur coop\u00e9ration et se poser en alternative \u00e0 la puissance am\u00e9ricaine.<\/p>\n","protected":false},"excerpt":{"rendered":"L&rsquo;Organisation de coop\u00e9ration de Shanghai (OCS) se r\u00e9unit les 31 ao\u00fbt et 1er septembre dans la capitale du&hellip;\n","protected":false},"author":2,"featured_media":1159602,"comment_status":"","ping_status":"","sticky":false,"template":"","format":"standard","meta":{"footnotes":"","_share_on_mastodon":"0"},"categories":[1591],"tags":[11,1887,12,1885,1886,132],"class_list":["post-1159601","post","type-post","status-publish","format-standard","has-post-thumbnail","category-russie","tag-actualites","tag-federation-de-russie","tag-news","tag-russia","tag-russian-federation","tag-russie"],"share_on_mastodon":{"url":"https:\/\/pubeurope.com\/@fr\/117191505904305173","error":""},"_links":{"self":[{"href":"https:\/\/www.europesays.com\/fr\/wp-json\/wp\/v2\/posts\/1159601","targetHints":{"allow":["GET"]}}],"collection":[{"href":"https:\/\/www.europesays.com\/fr\/wp-json\/wp\/v2\/posts"}],"about":[{"href":"https:\/\/www.europesays.com\/fr\/wp-json\/wp\/v2\/types\/post"}],"author":[{"embeddable":true,"href":"https:\/\/www.europesays.com\/fr\/wp-json\/wp\/v2\/users\/2"}],"replies":[{"embeddable":true,"href":"https:\/\/www.europesays.com\/fr\/wp-json\/wp\/v2\/comments?post=1159601"}],"version-history":[{"count":0,"href":"https:\/\/www.europesays.com\/fr\/wp-json\/wp\/v2\/posts\/1159601\/revisions"}],"wp:featuredmedia":[{"embeddable":true,"href":"https:\/\/www.europesays.com\/fr\/wp-json\/wp\/v2\/media\/1159602"}],"wp:attachment":[{"href":"https:\/\/www.europesays.com\/fr\/wp-json\/wp\/v2\/media?parent=1159601"}],"wp:term":[{"taxonomy":"category","embeddable":true,"href":"https:\/\/www.europesays.com\/fr\/wp-json\/wp\/v2\/categories?post=1159601"},{"taxonomy":"post_tag","embeddable":true,"href":"https:\/\/www.europesays.com\/fr\/wp-json\/wp\/v2\/tags?post=1159601"}],"curies":[{"name":"wp","href":"https:\/\/api.w.org\/{rel}","templated":true}]}}