{"id":1159607,"date":"2026-08-31T18:22:31","date_gmt":"2026-08-31T18:22:31","guid":{"rendered":"https:\/\/www.europesays.com\/fr\/1159607\/"},"modified":"2026-08-31T18:22:31","modified_gmt":"2026-08-31T18:22:31","slug":"haakon-viii-de-norvege-soutenu-par-la-princesse-anne-decouvrez-le-lien-qui-les-unit","status":"publish","type":"post","link":"https:\/\/www.europesays.com\/fr\/1159607\/","title":{"rendered":"Haakon VIII de Norv\u00e8ge soutenu par la princesse Anne ? D\u00e9couvrez le lien qui les unit"},"content":{"rendered":"<p>Les monarchies europ\u00e9ennes s&rsquo;appr\u00eatent \u00e0 rendre hommage au roi <a target=\"_blank\" href=\"https:\/\/www.pointdevue.fr\/grand-angle\/biographies\/roi-harald\" rel=\"nofollow noopener\">Harald<\/a>, d\u00e9c\u00e9d\u00e9 le 28 ao\u00fbt dernier et <a target=\"_blank\" href=\"https:\/\/www.pointdevue.fr\/royal\/norvege\/harald-v-de-norvege-la-date-et-le-lieu-de-ses-obseques-devoiles-pourquoi-ce-choix-est-si-emouvant-pour-sonja\" rel=\"nofollow noopener\">dont les fun\u00e9railles se tiendront le 9 septembre \u00e0 Oslo<\/a>. Chaque famille royale a boulevers\u00e9 son agenda pour que l&rsquo;un ou plusieurs de ses membres puissent y assister et rendre un dernier hommage \u00e0 celui qui \u00e9tait, depuis le d\u00e9c\u00e8s d&rsquo;<a target=\"_blank\" href=\"https:\/\/www.pointdevue.fr\/grand-angle\/biographies\/elisabeth-ii\" rel=\"nofollow noopener\">\u00c9lisabeth II<\/a>, le souverain r\u00e9gnant le plus \u00e2g\u00e9 d&rsquo;Europe. \u00ab\u00a0Le Royaume-Uni et la Norv\u00e8ge partagent des liens historiques et familiaux particuli\u00e8rement \u00e9troits\u00a0\u00bb, avait \u00e9crit <a target=\"_blank\" href=\"https:\/\/www.pointdevue.fr\/grand-angle\/biographies\/charles-iii\" rel=\"nofollow noopener\">Charles III<\/a> dans son hommage \u00e0 son \u00ab\u00a0cher cousin\u00a0\u00bb, d\u00e8s l&rsquo;annonce de son d\u00e9c\u00e8s. <strong>Si celui-ci d\u00e9cide de ne pas assister aux obs\u00e8ques \u2013 une tradition britannique \u2013 il s&rsquo;y fera repr\u00e9senter, pourquoi pas par la princesse <\/strong><a target=\"_blank\" href=\"https:\/\/www.pointdevue.fr\/grand-angle\/biographies\/princesse-anne\" rel=\"nofollow noopener\"><strong>Anne<\/strong><\/a><strong> ?\u00a0<\/strong><\/p>\n<p><img decoding=\"async\" src=\"https:\/\/www.europesays.com\/fr\/wp-content\/uploads\/2026\/08\/ABACA_899498_006QHIUsLrId8.jpg\" alt=\"Haakon VIII, alors prince Haakon, et sa marraine, la princesse Anne, lors de la visite de cette derni\u00e8re \u00e0 Oslo, le 22 mai 2024.\"\/><strong>Haakon VIII, alors prince Haakon, et sa marraine, la princesse Anne, lors de la visite de cette derni\u00e8re \u00e0 Oslo, le 22 mai 2024.<\/strong> \u00a9 Erik Flaaris Johansen\/NTB\/Scanpix Norway\/ABACAPRESS.COM<\/p>\n<p>En effet, celle-ci entretient <strong>des liens forts avec la maison royale de Norv\u00e8ge : elle est l&rsquo;une des marraines du nouveau roi <\/strong><a target=\"_blank\" href=\"https:\/\/www.pointdevue.fr\/grand-angle\/biographies\/haakon-de-norvege\" rel=\"nofollow noopener\"><strong>Haakon VIII.<\/strong><\/a> En 1973, elle re\u00e7ut l&rsquo;honneur d&rsquo;\u00eatre l&rsquo;une des protectrices du nouveau-n\u00e9, futur souverain, parmi d&rsquo;autres prestigieuses figures telles le roi <a target=\"_blank\" href=\"https:\/\/www.pointdevue.fr\/grand-angle\/biographies\/roi-carl-xvi-gustaf-de-suede\" rel=\"nofollow noopener\">Carl XVI Gustaf de Su\u00e8de<\/a>, ou la reine <a target=\"_blank\" href=\"https:\/\/www.pointdevue.fr\/grand-angle\/biographies\/reine-margrethe\" rel=\"nofollow noopener\">Margrethe<\/a>. Elle ne fut pourtant pas pr\u00e9sente \u00e0 la c\u00e9r\u00e9monie de bapt\u00eame du b\u00e9b\u00e9, en septembre de cette m\u00eame ann\u00e9e, car <a target=\"_blank\" href=\"https:\/\/www.pointdevue.fr\/royal\/royaume-uni\/romance-royale-anne-et-mark-phillips-lamour-au-grand-galop\" rel=\"nofollow noopener\">elle pr\u00e9parait son mariage avec Mark Phillips<\/a>. <strong>La derni\u00e8re fois que la princesse Anne fut aper\u00e7ue en compagnie de son filleul date de 2024.<\/strong> Elle avait visit\u00e9 le Mus\u00e9e de la R\u00e9sistance norv\u00e9gienne \u00e0 Oslo avec celui qui \u00e9tait encore le prince Haakon, dans le cadre d&rsquo;une visite officielle de trois jours en Norv\u00e8ge.<\/p>\n<p><img decoding=\"async\" src=\"https:\/\/www.europesays.com\/fr\/wp-content\/uploads\/2026\/08\/ABACA_899498_001UWGpLSwkDZ.jpg\" alt=\"Haakon VIII, alors prince Haakon, et sa marraine, la princesse Anne, lors de l'inauguration d'une plaque comm\u00e9morative au mus\u00e9e Norway's Home Front, lors de la visite de cette derni\u00e8re \u00e0 Oslo, le 22 mai 2024.\"\/><strong>Haakon VIII, alors prince Haakon, et sa marraine, la princesse Anne, lors de l&rsquo;inauguration d&rsquo;une plaque comm\u00e9morative au mus\u00e9e Norway&rsquo;s Home Front, lors de la visite de cette derni\u00e8re \u00e0 Oslo, le 22 mai 2024.<\/strong> \u00a9 tian Lysberg Solum\/NTB\/Scanpix Norway\/ABACAPRESS.COMCharles III tiendrait son pr\u00e9nom d&rsquo;un souverain norv\u00e9gien<\/p>\n<p>Depuis la fin du XIXe si\u00e8cle, la famille royale britannique et la famille royale norv\u00e9gienne sont \u00e9troitement li\u00e9es. La princesse Maud, <strong>fille du <\/strong><a target=\"_blank\" href=\"https:\/\/www.pointdevue.fr\/royal\/royaume-uni\/edouard-vii-la-liberte-par-le-style\" rel=\"nofollow noopener\"><strong>futur Edouard VII<\/strong><\/a><strong> <\/strong>\u00e9pouse alors le prince Carl de Danemark, son cousin germain, le p\u00e8re du mari\u00e9, Frederik \u00e9tant le fr\u00e8re de la m\u00e8re de la mari\u00e9e, la future reine Alexandra. Ils vivaient \u00e0 Sandringham, en Angleterre, \u00e9levant tous deux leur fils Alexander. Mais en 1905, <strong>le tr\u00f4ne de Norv\u00e8ge se retrouva vacant<\/strong> : Oscar II r\u00e9gnant sur la Su\u00e8de et la Norv\u00e8ge avait abdiqu\u00e9, l&rsquo;union entre les deux pays s&rsquo;\u00e9tant dissoute. Le prince Carl, alors troisi\u00e8me dans l&rsquo;ordre de succession au tr\u00f4ne du Danemark, <strong>fut alors choisi pour r\u00e9gner sur la Norv\u00e8ge<\/strong> !\u00a0<\/p>\n<p><img decoding=\"async\" src=\"https:\/\/www.europesays.com\/fr\/wp-content\/uploads\/2026\/08\/GettyImages-106757926IKhZvb6VZy.jpg\" alt=\"La reine \u00c9lizabeth II et le roi Haakon VII de Norv\u00e8ge le 1er juin 1955 \u00e0 Oslo en Norv\u00e8ge.\"\/><strong>La reine \u00c9lizabeth II et le roi Haakon VII de Norv\u00e8ge le 1er juin 1955 \u00e0 Oslo en Norv\u00e8ge.<\/strong> \u00a9 Keystone-France\/Gamma-Keystone via Getty Images<\/p>\n<p>Devenu le roi <strong>Haakon VII,<\/strong> il quitta l&rsquo;Angleterre avec son \u00e9pouse, devenue la reine Maud, et <strong>leur fils, rebaptis\u00e9 prince Olav, p\u00e8re du d\u00e9funt Harald V<\/strong>. La famille ne revient en Londres qu&rsquo;en 1940, y vivant jusqu&rsquo;\u00e0 la victoire des Alli\u00e9s, fuyant les nazis qui occupaient la Norv\u00e8ge, resserrant ainsi leurs liens avec le roi <a target=\"_blank\" href=\"https:\/\/www.pointdevue.fr\/grand-angle\/biographies\/george-vi\" rel=\"nofollow noopener\">George VI<\/a>. La jeune princesse \u00c9lisabeth d&rsquo;Angleterre, fille de George VI, se marie avec le prince <a target=\"_blank\" href=\"https:\/\/www.pointdevue.fr\/grand-angle\/biographies\/prince-philip\" rel=\"nofollow noopener\">Philip<\/a> deux ans apr\u00e8s la fin de la Seconde Guerre mondiale, <strong>et lorsque na\u00eet son premier enfant, elle le pr\u00e9nomme Charles.<\/strong><\/p>\n<p><img decoding=\"async\" src=\"https:\/\/www.europesays.com\/fr\/wp-content\/uploads\/2026\/08\/GettyImages-14508647861JujB4b2lz.jpg\" alt=\"La reine \u00c9lizabeth II et le prince Philip avec le roi Olaf de Norv\u00e8ge au ch\u00e2teau de Windsor, le 29 mai 1959.\"\/><strong>La reine \u00c9lizabeth II et le prince Philip avec le roi Olaf de Norv\u00e8ge au ch\u00e2teau de Windsor, le 29 mai 1959.<\/strong> \u00a9 NCJ &#8211; Kemsley\/NCJ Archive\/Mirrorpix via Getty Images<\/p>\n<p>Et la l\u00e9gende dit <strong>que le souverain actuel du Royaume-Uni tient son pr\u00e9nom du roi Haakon VII,<\/strong> baptis\u00e9 Carl \u00e0 la naissance. Ainsi l&rsquo;appelaient encore tous ses proches, dont ses cousins britanniques. L&rsquo;Angleterre avait vu se succ\u00e9der des Edouard ou des George sur le tr\u00f4ne, en majorit\u00e9, mais aucun Charles depuis le XVIIe si\u00e8cle. Ce pr\u00e9nom \u00e9tait original pour l&rsquo;\u00e9poque et semble en effet avoir \u00e9t\u00e9 donn\u00e9 au futur roi en hommage \u00e0 <strong>\u00ab\u00a0oncle Charlie\u00a0\u00bb<\/strong>, surnom affectueux que donnait la princesse, puis reine \u00c9lisabeth, au souverain norv\u00e9gien. Preuve, s&rsquo;il en fallait une, que l&rsquo;amiti\u00e9 et l&rsquo;affection que se portent les deux familles royales sont authentiques.\u00a0<\/p>\n<p><img decoding=\"async\" src=\"https:\/\/www.europesays.com\/fr\/wp-content\/uploads\/2026\/08\/GettyImages-52104275pkvtzQN0Fg.jpg\" alt=\"La reine \u00c9lisabeth II et Harald de Norv\u00e8ge lors de la visite de ce dernier au Royaume-Uni, le 5 juillet 1994.\"\/><strong>La reine \u00c9lisabeth II et Harald de Norv\u00e8ge lors de la visite de ce dernier au Royaume-Uni, le 5 juillet 1994.<\/strong> \u00a9 Tim Graham Photo Library via Getty Images)<\/p>\n<p>Lorsque la reine \u00c9lisabeth II est d\u00e9c\u00e9d\u00e9e en 2022, <strong>le roi Harald, touch\u00e9, avait d&rsquo;ailleurs \u00e9mu toute l&rsquo;assistance <\/strong><a target=\"_blank\" href=\"https:\/\/www.pointdevue.fr\/royal\/royaume-uni\/funerailles-delisabeth-ii-un-jour-que-personne-noubliera\" rel=\"nofollow noopener\"><strong>\u00e0 ses fun\u00e9railles<\/strong><\/a>. Au moment du God save the King, le roi et son \u00e9pouse <a target=\"_blank\" href=\"https:\/\/www.pointdevue.fr\/grand-angle\/biographies\/sonja-de-norvege\" rel=\"nofollow noopener\">Sonja<\/a> ont chant\u00e9 ses paroles, en hommage \u00e0 la souveraine. Il est donc tr\u00e8s probable que la princesse Anne soit pr\u00e9sente \u00e0 Oslo le 9 septembre prochain pour soutenir son filleul dans le deuil.\u00a0<\/p>\n<p>Lire aussi &gt;&gt; <a target=\"_blank\" href=\"https:\/\/www.pointdevue.fr\/royal\/royaume-uni\/charles-iii-reagit-au-deces-de-son-cousin-harald-de-norvege\" rel=\"nofollow noopener\">\u00ab\u00a0Un parent et un ami tr\u00e8s aim\u00e9\u00a0\u00bb : Charles III r\u00e9agit au d\u00e9c\u00e8s de son cousin Harald de Norv\u00e8ge<\/a><\/p>\n<p>\u00a0<\/p>\n","protected":false},"excerpt":{"rendered":"Les monarchies europ\u00e9ennes s&rsquo;appr\u00eatent \u00e0 rendre hommage au roi Harald, d\u00e9c\u00e9d\u00e9 le 28 ao\u00fbt dernier et dont les&hellip;\n","protected":false},"author":2,"featured_media":1159608,"comment_status":"","ping_status":"","sticky":false,"template":"","format":"standard","meta":{"footnotes":"","_share_on_mastodon":"0"},"categories":[1588],"tags":[11,1777,674,12,473,1853,1851,1850,1852],"class_list":["post-1159607","post","type-post","status-publish","format-standard","has-post-thumbnail","category-royaume-uni","tag-actualites","tag-eu","tag-europe","tag-news","tag-royaume-uni","tag-royaume-uni-de-grande-bretagne-et-dirlande-du-nord","tag-uk","tag-united-kingdom","tag-united-kingdom-of-great-britain-and-northern-ireland"],"share_on_mastodon":{"url":"https:\/\/pubeurope.com\/@fr\/117191520326895703","error":""},"_links":{"self":[{"href":"https:\/\/www.europesays.com\/fr\/wp-json\/wp\/v2\/posts\/1159607","targetHints":{"allow":["GET"]}}],"collection":[{"href":"https:\/\/www.europesays.com\/fr\/wp-json\/wp\/v2\/posts"}],"about":[{"href":"https:\/\/www.europesays.com\/fr\/wp-json\/wp\/v2\/types\/post"}],"author":[{"embeddable":true,"href":"https:\/\/www.europesays.com\/fr\/wp-json\/wp\/v2\/users\/2"}],"replies":[{"embeddable":true,"href":"https:\/\/www.europesays.com\/fr\/wp-json\/wp\/v2\/comments?post=1159607"}],"version-history":[{"count":0,"href":"https:\/\/www.europesays.com\/fr\/wp-json\/wp\/v2\/posts\/1159607\/revisions"}],"wp:featuredmedia":[{"embeddable":true,"href":"https:\/\/www.europesays.com\/fr\/wp-json\/wp\/v2\/media\/1159608"}],"wp:attachment":[{"href":"https:\/\/www.europesays.com\/fr\/wp-json\/wp\/v2\/media?parent=1159607"}],"wp:term":[{"taxonomy":"category","embeddable":true,"href":"https:\/\/www.europesays.com\/fr\/wp-json\/wp\/v2\/categories?post=1159607"},{"taxonomy":"post_tag","embeddable":true,"href":"https:\/\/www.europesays.com\/fr\/wp-json\/wp\/v2\/tags?post=1159607"}],"curies":[{"name":"wp","href":"https:\/\/api.w.org\/{rel}","templated":true}]}}