{"id":1159609,"date":"2026-08-31T18:23:29","date_gmt":"2026-08-31T18:23:29","guid":{"rendered":"https:\/\/www.europesays.com\/fr\/1159609\/"},"modified":"2026-08-31T18:23:29","modified_gmt":"2026-08-31T18:23:29","slug":"les-investissements-etrangers-en-allemagne-bondissent-de-50-pour-cent-en-2025-business-am","status":"publish","type":"post","link":"https:\/\/www.europesays.com\/fr\/1159609\/","title":{"rendered":"Les investissements \u00e9trangers en Allemagne bondissent de 50 pour cent en 2025 &#8211; Business AM"},"content":{"rendered":"<p>    Lire \u00e0 voix haute<\/p>\n<p>Principaux renseignements<\/p>\n<ul class=\"wp-block-list\">\n<li><strong>Les investissements directs \u00e9trangers en Allemagne ont bondi de 50 pour cent pour atteindre 86 milliards d\u2019euros en 2025.<\/strong><\/li>\n<li><strong>Les capitaux britanniques ont explos\u00e9 de 284 pour cent, faisant du Royaume-Uni le premier investisseur.<\/strong><\/li>\n<li><strong>Les pays europ\u00e9ens continuent de dominer le march\u00e9, fournissant plus de 80 pour cent de l\u2019ensemble des fonds entrants.<\/strong><\/li>\n<\/ul>\n<p class=\"wp-block-paragraph\">Selon un rapport publi\u00e9 lundi par l\u2019Institut \u00e9conomique allemand (IW), les investissements directs \u00e9trangers en Allemagne ont connu une hausse d\u2019environ 50 pour cent en glissement annuel en 2025. D\u2019apr\u00e8s les statistiques de la banque centrale, le total des investissements internationaux des entreprises a atteint 86 milliards d\u2019euros. Cette forte hausse t\u00e9moigne d\u2019un rebond marqu\u00e9 apr\u00e8s un recul significatif de 32 pour cent observ\u00e9 en 2024.<\/p>\n<p>\u00c9volution de la composition des investisseurs<\/p>\n<p class=\"wp-block-paragraph\">La p\u00e9riode a \u00e9t\u00e9 marqu\u00e9e par un changement radical dans la composition des investisseurs, caract\u00e9ris\u00e9 par un fort recul des apports am\u00e9ricains et une hausse massive de l\u2019activit\u00e9 britannique. <\/p>\n<p class=\"wp-block-paragraph\">Les investissements des entreprises am\u00e9ricaines ont chut\u00e9 de pr\u00e8s de 44 pour cent pour s\u2019\u00e9tablir \u00e0 11,8 milliards d\u2019euros, ce qui a entra\u00een\u00e9 une baisse de leur part dans le capital \u00e9tranger total, passant de plus de 36 pour cent \u00e0 environ 14 pour cent. \u00c0 l\u2019inverse, les investissements en provenance du Royaume-Uni ont explos\u00e9 de 284 pour cent, pour atteindre un total de 26 milliards d\u2019euros. Cette forte hausse a fait du Royaume-Uni le premier investisseur \u00e9tranger en Allemagne, avec pr\u00e8s de 31 pour cent de parts de march\u00e9.<\/p>\n<p>Domination europ\u00e9enne<\/p>\n<p class=\"wp-block-paragraph\">Les pays europ\u00e9ens sont rest\u00e9s la principale source de capitaux, contribuant \u00e0 plus de 80 pour cent du total lorsque l\u2019on inclut le Royaume-Uni. Les autres \u00c9tats membres de l\u2019UE ont apport\u00e9 environ 43 milliards d\u2019euros, ce qui repr\u00e9sente une l\u00e9g\u00e8re baisse de 2,7 pour cent mais repr\u00e9sente tout de m\u00eame plus de la moiti\u00e9 de l\u2019ensemble des investissements entrants.<\/p>\n<p>Volatilit\u00e9 et croissance \u00e0 long terme<\/p>\n<p class=\"wp-block-paragraph\">L\u2019IW a soulign\u00e9 que les chiffres peuvent \u00eatre volatils et sont souvent influenc\u00e9s par un petit nombre d\u2019op\u00e9rations de grande envergure ou par des r\u00e9visions ult\u00e9rieures des donn\u00e9es. N\u00e9anmoins, par rapport aux niveaux m\u00e9dians observ\u00e9s entre 2015 et 2024, les investissements \u00e9trangers en 2025 affichent toujours une croissance solide de 11 pour cent.<\/p>\n<p class=\"wp-block-paragraph\">(at)<\/p>\n<p class=\"wp-block-paragraph\"><a href=\"https:\/\/news.google.com\/publications\/CAowtseUCw?hl=fr&amp;gl=BE&amp;ceid=BE%3Afr\" target=\"_blank\" rel=\"nofollow noopener\">Suivez \u00e9galement Business AM sur Google Actualit\u00e9s<\/a><\/p>\n<p class=\"wp-block-paragraph\"><a href=\"https:\/\/portalfr.businessam.be\/plans\/business-am-fr-offre-dete\/\" target=\"_blank\" rel=\"nofollow noopener\">Si vous souhaitez acc\u00e9der \u00e0 tous les articles, abonnez-vous ici !<\/a><\/p>\n<p><a href=\"https:\/\/www.google.com\/preferences\/source?q=fr.businessam.be\" target=\"_blank\" rel=\"noopener noreferrer nofollow\" class=\"google-preferred-badge\"><br \/>\n    <img decoding=\"async\" src=\"https:\/\/www.europesays.com\/fr\/wp-content\/uploads\/2026\/05\/google_preferred_source_badge_dark_BAM_fr.png\" alt=\"Ajoutez fr.businessam.be en tant que source pr\u00e9f\u00e9r\u00e9e sur Google\" style=\"max-width: 50%; height: auto; border: 0; display: block; margin: 30px 0;\"\/><br \/>\n<\/a><\/p>\n","protected":false},"excerpt":{"rendered":"Lire \u00e0 voix haute Principaux renseignements Les investissements directs \u00e9trangers en Allemagne ont bondi de 50 pour cent&hellip;\n","protected":false},"author":2,"featured_media":1159610,"comment_status":"","ping_status":"","sticky":false,"template":"","format":"standard","meta":{"footnotes":"","_share_on_mastodon":"0"},"categories":[1587],"tags":[11,672,1804,1805,1803,1777,674,1801,2554,12,1802],"class_list":["post-1159609","post","type-post","status-publish","format-standard","has-post-thumbnail","category-allemagne","tag-actualites","tag-allemagne","tag-bundesrepublik-deutschland","tag-de","tag-deutschland","tag-eu","tag-europe","tag-germany","tag-investissements","tag-news","tag-republique-federale-dallemagne"],"share_on_mastodon":{"url":"https:\/\/pubeurope.com\/@fr\/117191521666834256","error":""},"_links":{"self":[{"href":"https:\/\/www.europesays.com\/fr\/wp-json\/wp\/v2\/posts\/1159609","targetHints":{"allow":["GET"]}}],"collection":[{"href":"https:\/\/www.europesays.com\/fr\/wp-json\/wp\/v2\/posts"}],"about":[{"href":"https:\/\/www.europesays.com\/fr\/wp-json\/wp\/v2\/types\/post"}],"author":[{"embeddable":true,"href":"https:\/\/www.europesays.com\/fr\/wp-json\/wp\/v2\/users\/2"}],"replies":[{"embeddable":true,"href":"https:\/\/www.europesays.com\/fr\/wp-json\/wp\/v2\/comments?post=1159609"}],"version-history":[{"count":0,"href":"https:\/\/www.europesays.com\/fr\/wp-json\/wp\/v2\/posts\/1159609\/revisions"}],"wp:featuredmedia":[{"embeddable":true,"href":"https:\/\/www.europesays.com\/fr\/wp-json\/wp\/v2\/media\/1159610"}],"wp:attachment":[{"href":"https:\/\/www.europesays.com\/fr\/wp-json\/wp\/v2\/media?parent=1159609"}],"wp:term":[{"taxonomy":"category","embeddable":true,"href":"https:\/\/www.europesays.com\/fr\/wp-json\/wp\/v2\/categories?post=1159609"},{"taxonomy":"post_tag","embeddable":true,"href":"https:\/\/www.europesays.com\/fr\/wp-json\/wp\/v2\/tags?post=1159609"}],"curies":[{"name":"wp","href":"https:\/\/api.w.org\/{rel}","templated":true}]}}