{"id":115961,"date":"2025-05-21T04:19:08","date_gmt":"2025-05-21T04:19:08","guid":{"rendered":"https:\/\/www.europesays.com\/fr\/115961\/"},"modified":"2025-05-21T04:19:08","modified_gmt":"2025-05-21T04:19:08","slug":"le-quimper-volley-b-championne-de-france-de-national-3-quimper-volley","status":"publish","type":"post","link":"https:\/\/www.europesays.com\/fr\/115961\/","title":{"rendered":"Le Quimper Volley (B) championne de France de National 3 &#8211; quimper &#8211; volley"},"content":{"rendered":"<p><strong>Accueillant le Final 4, d\u00e9cernant le titre de champion de France de N3, les Quimp\u00e9roises de K\u00e9vin Caudal ont \u00e9t\u00e9 au diapason de l&rsquo;\u00e9v\u00e8nement, au gymnase de la Tourelle. A domicile, elles ne pouvaient manquer cet \u00e9v\u00e8nement d&rsquo;un titre national \u00e0 domicile. Surtout que la demi-finale face \u00e0 Marquette, Quimper avait compil\u00e9 son billet en finale, en ma\u00eetrisant son sujet face aux Nordistes (3-0).<\/strong><\/p>\n<p>  \t\t\t<img decoding=\"async\" typeof=\"foaf:Image\" src=\"https:\/\/www.europesays.com\/fr\/wp-content\/uploads\/2025\/05\/img_20250520_171937.jpg\" alt=\"\"\/>  \t\t\t  \t\t\t<\/p>\n<p><strong>L\u00e9gende: <\/strong>Quimper (B) est sacr\u00e9 \u00e0 domicile championne de France N3 en battant ce dimanche, B\u00e9ziers (B) en finale. <strong>Cr\u00e9dit photo:<\/strong> Quimper Volley 29<\/p>\n<p>En finale, oppos\u00e9 \u00e0 B\u00e9ziers, l&rsquo;affaire se promettait plus cors\u00e9e ce dimancje, mais avec tout le savoir-faire de Roxane Hasseni, Katya Tychnova, les Quimp\u00e9roises se remettaient de leur premier set perdu pour enquiller dans le bon sens. Retrouvant le bon \u00e9quilibre et fragilisant le dispositif adverse en variant leurs offensives, Quimper s&rsquo;adjugeait cette finale, et en soi le titre de championne de France N3 (3-1, 18-25, 25-16, 25-15, 25-21).<\/p>\n<p>Ce titre symbolique met en avant la domination quimp\u00e9roise \u00e0 cet \u00e9tage. Les Quimp\u00e9roises ont accompli une saison de premier plan et monteront en N2F en 2025\/2026.<\/p>\n","protected":false},"excerpt":{"rendered":"Accueillant le Final 4, d\u00e9cernant le titre de champion de France de N3, les Quimp\u00e9roises de K\u00e9vin Caudal&hellip;\n","protected":false},"author":2,"featured_media":115962,"comment_status":"","ping_status":"","sticky":false,"template":"","format":"standard","meta":{"footnotes":""},"categories":[1417],"tags":[1011,27,60,1470,1469],"class_list":{"0":"post-115961","1":"post","2":"type-post","3":"status-publish","4":"format-standard","5":"has-post-thumbnail","7":"category-volley","8":"tag-fr","9":"tag-france","10":"tag-sports","11":"tag-volley","12":"tag-volleyball"},"share_on_mastodon":{"url":"https:\/\/pubeurope.com\/@fr\/114543903746854987","error":""},"_links":{"self":[{"href":"https:\/\/www.europesays.com\/fr\/wp-json\/wp\/v2\/posts\/115961","targetHints":{"allow":["GET"]}}],"collection":[{"href":"https:\/\/www.europesays.com\/fr\/wp-json\/wp\/v2\/posts"}],"about":[{"href":"https:\/\/www.europesays.com\/fr\/wp-json\/wp\/v2\/types\/post"}],"author":[{"embeddable":true,"href":"https:\/\/www.europesays.com\/fr\/wp-json\/wp\/v2\/users\/2"}],"replies":[{"embeddable":true,"href":"https:\/\/www.europesays.com\/fr\/wp-json\/wp\/v2\/comments?post=115961"}],"version-history":[{"count":0,"href":"https:\/\/www.europesays.com\/fr\/wp-json\/wp\/v2\/posts\/115961\/revisions"}],"wp:featuredmedia":[{"embeddable":true,"href":"https:\/\/www.europesays.com\/fr\/wp-json\/wp\/v2\/media\/115962"}],"wp:attachment":[{"href":"https:\/\/www.europesays.com\/fr\/wp-json\/wp\/v2\/media?parent=115961"}],"wp:term":[{"taxonomy":"category","embeddable":true,"href":"https:\/\/www.europesays.com\/fr\/wp-json\/wp\/v2\/categories?post=115961"},{"taxonomy":"post_tag","embeddable":true,"href":"https:\/\/www.europesays.com\/fr\/wp-json\/wp\/v2\/tags?post=115961"}],"curies":[{"name":"wp","href":"https:\/\/api.w.org\/{rel}","templated":true}]}}