{"id":1159613,"date":"2026-08-31T18:26:38","date_gmt":"2026-08-31T18:26:38","guid":{"rendered":"https:\/\/www.europesays.com\/fr\/1159613\/"},"modified":"2026-08-31T18:26:38","modified_gmt":"2026-08-31T18:26:38","slug":"au-val-anniversaire-laurent-bebon-a-eu-90-ans","status":"publish","type":"post","link":"https:\/\/www.europesays.com\/fr\/1159613\/","title":{"rendered":"au-Val | Anniversaire. Laurent Bebon a eu 90 ans"},"content":{"rendered":"<p>Laurent Bebon de Dieffenbach-au-Val est n\u00e9 le 10\u00a0ao\u00fbt 1936. \u00c0\u00a020 ans, il effectue son service militaire dans les commandos en Tunisie et en Alg\u00e9rie. C\u2019est \u00e0 cette occasion que Marie-Rose Herrbach devient sa marraine de guerre, il l\u2019\u00e9pousera en 1961\u00a0! Ensemble, ils ont eu deux enfants\u00a0: Jean-Claude et Anita.<\/p>\n<p>Toute sa vie, Laurent se mettra au service des autres. Il a \u00e9t\u00e9 l\u2019appariteur du village pendant 21 ans, a secouru le maire Four, gravement bless\u00e9 en for\u00eat en 1966, fait partie de la chorale depuis ses 18 ans, il a soign\u00e9 son \u00e9pouse, d\u00e9c\u00e9d\u00e9e en 2023, pendant de longues ann\u00e9es.<\/p>\n<p>Sa carri\u00e8re professionnelle l\u2019a men\u00e9 de m\u00e9canicien \u00e0 agent de ma\u00eetrise. Il conduit encore sa voiture et reste autonome. Son chien Nerval et son orgue sont ses deux passions.<\/p>\n","protected":false},"excerpt":{"rendered":"Laurent Bebon de Dieffenbach-au-Val est n\u00e9 le 10\u00a0ao\u00fbt 1936. \u00c0\u00a020 ans, il effectue son service militaire dans les&hellip;\n","protected":false},"author":2,"featured_media":1159614,"comment_status":"","ping_status":"","sticky":false,"template":"","format":"standard","meta":{"footnotes":"","_share_on_mastodon":"0"},"categories":[1586],"tags":[11,7476,8621,3143,1777,674,1779,1011,27,12,25,104,1778,364,8622],"class_list":["post-1159613","post","type-post","status-publish","format-standard","has-post-thumbnail","category-europe","tag-actualites","tag-anniversaires","tag-dieffenbach-au-val","tag-edition-selestat-erstein","tag-eu","tag-europe","tag-european-union","tag-fr","tag-france","tag-news","tag-republique-francaise","tag-societe","tag-ue","tag-union-europeenne","tag-vallee-de-ville"],"share_on_mastodon":{"url":"https:\/\/pubeurope.com\/@fr\/117191533080391709","error":""},"_links":{"self":[{"href":"https:\/\/www.europesays.com\/fr\/wp-json\/wp\/v2\/posts\/1159613","targetHints":{"allow":["GET"]}}],"collection":[{"href":"https:\/\/www.europesays.com\/fr\/wp-json\/wp\/v2\/posts"}],"about":[{"href":"https:\/\/www.europesays.com\/fr\/wp-json\/wp\/v2\/types\/post"}],"author":[{"embeddable":true,"href":"https:\/\/www.europesays.com\/fr\/wp-json\/wp\/v2\/users\/2"}],"replies":[{"embeddable":true,"href":"https:\/\/www.europesays.com\/fr\/wp-json\/wp\/v2\/comments?post=1159613"}],"version-history":[{"count":0,"href":"https:\/\/www.europesays.com\/fr\/wp-json\/wp\/v2\/posts\/1159613\/revisions"}],"wp:featuredmedia":[{"embeddable":true,"href":"https:\/\/www.europesays.com\/fr\/wp-json\/wp\/v2\/media\/1159614"}],"wp:attachment":[{"href":"https:\/\/www.europesays.com\/fr\/wp-json\/wp\/v2\/media?parent=1159613"}],"wp:term":[{"taxonomy":"category","embeddable":true,"href":"https:\/\/www.europesays.com\/fr\/wp-json\/wp\/v2\/categories?post=1159613"},{"taxonomy":"post_tag","embeddable":true,"href":"https:\/\/www.europesays.com\/fr\/wp-json\/wp\/v2\/tags?post=1159613"}],"curies":[{"name":"wp","href":"https:\/\/api.w.org\/{rel}","templated":true}]}}