{"id":1159629,"date":"2026-08-31T18:39:25","date_gmt":"2026-08-31T18:39:25","guid":{"rendered":"https:\/\/www.europesays.com\/fr\/1159629\/"},"modified":"2026-08-31T18:39:25","modified_gmt":"2026-08-31T18:39:25","slug":"edward-pawson-signe-en-conti-avec-effet-immediat-actualite","status":"publish","type":"post","link":"https:\/\/www.europesays.com\/fr\/1159629\/","title":{"rendered":"Edward Pawson signe en Conti avec effet imm\u00e9diat &#8211; Actualit\u00e9"},"content":{"rendered":"<p>La Continentale thailandaise <strong><a href=\"https:\/\/www.directvelo.com\/equipe\/6641\/roojai-com-cycling-team\" target=\"_blank\" rel=\"noopener nofollow\">Roojai Insurance Winspace<\/a> <\/strong>annonce l\u2019arriv\u00e9e avec effet imm\u00e9diat d\u2019<strong><a href=\"https:\/\/www.directvelo.com\/coureur\/50742\/edward-pawson\" target=\"_blank\" rel=\"noopener nofollow\">Edward Pawson<\/a><\/strong>. Le coureur de 21 ans quitte ainsi l\u2019UV Aube o\u00f9 il \u00e9tait arriv\u00e9 la saison pass\u00e9e. Il a pris part \u00e0 sa derni\u00e8re course, sous le maillot de la N2, \u00e0 l\u2019occasion du Grand Prix Coucy-le-Ch\u00e2teau, le 17 ao\u00fbt dernier.<\/p>\n<p>Cette saison, le N\u00e9o-Z\u00e9landais a termin\u00e9 2e du Crit\u00e9rium de Soissons et 3e du Grand Prix de Cuise-la-Motte. En Classe 2, il a fini 25e du Grand Prix de Nogent-sur-Oise. <\/p>\n<p>L\u2019an dernier, il avait remport\u00e9 le Grand Prix d\u2019Igney et avait fini aux portes du Top 10 du Tour du P\u00e9rigord, en finissant 11e de la manche de Coupe de France N2. <\/p>\n<p>Il a d\u00e9j\u00e0 couru au niveau Continental, en \u00e9tant en 2024 au sein de l\u2019\u00e9quipe italienne Rime Drali.\u00a0<\/p>\n<p>Retrouvez tous les transferts de l&rsquo;intersaison 2026-2027 <strong><a style=\"color: #000000; text-decoration: underline;\" href=\"https:\/\/www.directvelo.com\/mutations\/2027#pro-conti_pro\" target=\"_blank\" rel=\"noopener nofollow\">en cliquant ici<\/a><\/strong>.\u00a0<\/p>\n","protected":false},"excerpt":{"rendered":"La Continentale thailandaise Roojai Insurance Winspace annonce l\u2019arriv\u00e9e avec effet imm\u00e9diat d\u2019Edward Pawson. Le coureur de 21 ans&hellip;\n","protected":false},"author":2,"featured_media":1159630,"comment_status":"","ping_status":"","sticky":false,"template":"","format":"standard","meta":{"footnotes":"","_share_on_mastodon":"0"},"categories":[1411],"tags":[834,828,836,829,837,827,83,826,824,823,1154,207,814,817,815,816,822,821,832,211,839,1011,27,820,818,819,835,831,830,833,838,60,212,208,825],"class_list":["post-1159629","post","type-post","status-publish","format-standard","has-post-thumbnail","category-cyclisme","tag-attaque","tag-belgique","tag-braquet","tag-bretagne","tag-chute","tag-competition","tag-coupe-de-france","tag-coureur","tag-course-cyclisme","tag-course-cycliste","tag-cycling","tag-cyclisme","tag-direct","tag-direct-velo","tag-directvelo","tag-directvelo-com","tag-epreuve","tag-epreuve-cycliste","tag-federation-francaise-de-cyclisme","tag-ffc","tag-flandres","tag-fr","tag-france","tag-live","tag-live-course","tag-live-epreuve","tag-peloton","tag-radio-peloton","tag-radio-tour","tag-ravitaillement","tag-relance","tag-sports","tag-uci","tag-velo","tag-velos"],"share_on_mastodon":{"url":"https:\/\/pubeurope.com\/@fr\/117191584542906747","error":""},"_links":{"self":[{"href":"https:\/\/www.europesays.com\/fr\/wp-json\/wp\/v2\/posts\/1159629","targetHints":{"allow":["GET"]}}],"collection":[{"href":"https:\/\/www.europesays.com\/fr\/wp-json\/wp\/v2\/posts"}],"about":[{"href":"https:\/\/www.europesays.com\/fr\/wp-json\/wp\/v2\/types\/post"}],"author":[{"embeddable":true,"href":"https:\/\/www.europesays.com\/fr\/wp-json\/wp\/v2\/users\/2"}],"replies":[{"embeddable":true,"href":"https:\/\/www.europesays.com\/fr\/wp-json\/wp\/v2\/comments?post=1159629"}],"version-history":[{"count":0,"href":"https:\/\/www.europesays.com\/fr\/wp-json\/wp\/v2\/posts\/1159629\/revisions"}],"wp:featuredmedia":[{"embeddable":true,"href":"https:\/\/www.europesays.com\/fr\/wp-json\/wp\/v2\/media\/1159630"}],"wp:attachment":[{"href":"https:\/\/www.europesays.com\/fr\/wp-json\/wp\/v2\/media?parent=1159629"}],"wp:term":[{"taxonomy":"category","embeddable":true,"href":"https:\/\/www.europesays.com\/fr\/wp-json\/wp\/v2\/categories?post=1159629"},{"taxonomy":"post_tag","embeddable":true,"href":"https:\/\/www.europesays.com\/fr\/wp-json\/wp\/v2\/tags?post=1159629"}],"curies":[{"name":"wp","href":"https:\/\/api.w.org\/{rel}","templated":true}]}}