{"id":115965,"date":"2025-05-21T04:21:08","date_gmt":"2025-05-21T04:21:08","guid":{"rendered":"https:\/\/www.europesays.com\/fr\/115965\/"},"modified":"2025-05-21T04:21:08","modified_gmt":"2025-05-21T04:21:08","slug":"mpetshi-perricard-semploie-mais-sen-sort-face-a-bublik-a-hambourg","status":"publish","type":"post","link":"https:\/\/www.europesays.com\/fr\/115965\/","title":{"rendered":"Mpetshi Perricard s\u2019emploie mais s\u2019en sort face \u00e0 Bublik \u00e0 Hambourg"},"content":{"rendered":"<p>Le jeune fran\u00e7ais a bataill\u00e9 mais a sorti Bublik ce mardi en Allemagne (7-6 (8\/6), 6-4).<\/p>\n<p class=\"fig-paragraph\">Giovanni\u00a0<a href=\"http:\/\/www.lefigaro.fr\/sports\/tennis\/coupe-davis\/mpetshi-perricard-la-coupe-davis-a-la-tele-c-etait-une-bonne-excuse-pour-ne-pas-faire-mes-devoirs-s-amuse-la-nouvelle-sensation-du-tennis-francais-20250131\" data-fig-type=\"NewsFlash\" data-gtm-custom-categorie=\"navigation\" data-gtm-custom-action=\"crossclick\" data-gtm-custom-label=\"Contextuel\" data-gtm-event=\"customEventSPE\" data-fig-domain=\"LEFIGARO\" target=\"_blank\" rel=\"noopener\">Mpetshi Perricard<\/a>\u00a0a eu fort \u00e0 faire face \u00e0 Bublik battu 7-6 (8\/6), 6-4. \u00c0 une semaine du d\u00e9but de\u00a0<a href=\"http:\/\/www.lefigaro.fr\/sports\/tennis\/gael-monfils-a-38-ans-je-savoure-la-victoire-d-une-maniere-differente-20250519\" data-fig-type=\"Article\" data-gtm-custom-categorie=\"navigation\" data-gtm-custom-action=\"crossclick\" data-gtm-custom-label=\"Contextuel\" data-gtm-event=\"customEventSPE\" data-fig-domain=\"LEFIGARO\" target=\"_blank\" rel=\"noopener\">Roland-Garros<\/a>, les deux joueurs viennent de remporter des tournois challengers, \u00e0 Bordeaux pour le Fran\u00e7ais de 21 ans et \u00e0 Turin pour le Kazakh de 27 ans.<\/p>\n<p class=\"fig-paragraph\">Dans ce duel de gros serveurs, Mpetshi Perricard a d\u00fb batailler pendant 1h24. Le Fran\u00e7ais a r\u00e9ussi \u00e0 prendre le service de son adversaire imm\u00e9diatement apr\u00e8s avoir perdu le sien dans la premi\u00e8re manche, qui s\u2019est conclue au jeu d\u00e9cisif sur une faute directe de Bublik.<\/p>\n<p class=\"fig-paragraph\">Mpetshi a encha\u00een\u00e9 en s\u2019emparant du service de Bublik d\u00e8s le troisi\u00e8me jeu du second set, sa premi\u00e8re balle surpuissante lui permettant de faire la course en t\u00eate, conclue sur un jeu blanc et un ace.<\/p>\n<p class=\"fig-paragraph\">Au deuxi\u00e8me tour, Mpetshi Perricard rencontrera le vainqueur du match entre Daniel Altmaier (66e) et le Canadien F\u00e9lix Auger-Aliassime (30e).<\/p>\n","protected":false},"excerpt":{"rendered":"Le jeune fran\u00e7ais a bataill\u00e9 mais a sorti Bublik ce mardi en Allemagne (7-6 (8\/6), 6-4). Giovanni\u00a0Mpetshi Perricard\u00a0a&hellip;\n","protected":false},"author":2,"featured_media":115966,"comment_status":"","ping_status":"","sticky":false,"template":"","format":"standard","meta":{"footnotes":""},"categories":[1415],"tags":[47,4169,525,1981,4178,4179,1011,27,5385,22950,1114,3996,4177,4176,4174,4175,1980,4171,60,1467,4172,4173,4170],"class_list":{"0":"post-115965","1":"post","2":"type-post","3":"status-publish","4":"format-standard","5":"has-post-thumbnail","7":"category-tennis","8":"tag-actualite","9":"tag-atp","10":"tag-calendrier","11":"tag-classement","12":"tag-coupe-davis","13":"tag-fed-cup","14":"tag-fr","15":"tag-france","16":"tag-gael-monfils","17":"tag-giovanni-mpetshi-perricard","18":"tag-infos","19":"tag-jeux-olympiques","20":"tag-masters-1000","21":"tag-masters-500","22":"tag-masters-series","23":"tag-open-daustralie","24":"tag-resultats","25":"tag-roland-garros","26":"tag-sports","27":"tag-tennis","28":"tag-us-open","29":"tag-wimbledon","30":"tag-wta"},"share_on_mastodon":{"url":"https:\/\/pubeurope.com\/@fr\/114543911396155359","error":""},"_links":{"self":[{"href":"https:\/\/www.europesays.com\/fr\/wp-json\/wp\/v2\/posts\/115965","targetHints":{"allow":["GET"]}}],"collection":[{"href":"https:\/\/www.europesays.com\/fr\/wp-json\/wp\/v2\/posts"}],"about":[{"href":"https:\/\/www.europesays.com\/fr\/wp-json\/wp\/v2\/types\/post"}],"author":[{"embeddable":true,"href":"https:\/\/www.europesays.com\/fr\/wp-json\/wp\/v2\/users\/2"}],"replies":[{"embeddable":true,"href":"https:\/\/www.europesays.com\/fr\/wp-json\/wp\/v2\/comments?post=115965"}],"version-history":[{"count":0,"href":"https:\/\/www.europesays.com\/fr\/wp-json\/wp\/v2\/posts\/115965\/revisions"}],"wp:featuredmedia":[{"embeddable":true,"href":"https:\/\/www.europesays.com\/fr\/wp-json\/wp\/v2\/media\/115966"}],"wp:attachment":[{"href":"https:\/\/www.europesays.com\/fr\/wp-json\/wp\/v2\/media?parent=115965"}],"wp:term":[{"taxonomy":"category","embeddable":true,"href":"https:\/\/www.europesays.com\/fr\/wp-json\/wp\/v2\/categories?post=115965"},{"taxonomy":"post_tag","embeddable":true,"href":"https:\/\/www.europesays.com\/fr\/wp-json\/wp\/v2\/tags?post=115965"}],"curies":[{"name":"wp","href":"https:\/\/api.w.org\/{rel}","templated":true}]}}