{"id":1159663,"date":"2026-08-31T18:57:25","date_gmt":"2026-08-31T18:57:25","guid":{"rendered":"https:\/\/www.europesays.com\/fr\/1159663\/"},"modified":"2026-08-31T18:57:25","modified_gmt":"2026-08-31T18:57:25","slug":"grand-nancy-ferme-tout-lete-a-cause-dune-infestation-de-blattes-le-poste-de-police-de-laxou-a-rouvert","status":"publish","type":"post","link":"https:\/\/www.europesays.com\/fr\/1159663\/","title":{"rendered":"Grand Nancy. Ferm\u00e9 tout l\u2019\u00e9t\u00e9 \u00e0 cause d\u2019une infestation de blattes, le poste de police de Laxou a rouvert"},"content":{"rendered":"<p>Le poste de police de Laxou, sis au rez-de-chauss\u00e9e du b\u00e2timent Savoie, boulevard de l\u2019Europe, a rouvert au public ce lundi 31\u00a0ao\u00fbt. Il avait ferm\u00e9 ses portes le 1er \u00a0juillet en raison d\u2019une infestation de blattes. Ces insectes repr\u00e9sentent un risque pour la sant\u00e9 publique car ils sont susceptibles de propager des maladies.<\/p>\n<p>Les sept personnels \u2013 cinq policiers, un policier adjoint et un agent administratif \u2014 avaient \u00e9t\u00e9 red\u00e9ploy\u00e9s dans d\u2019autres commissariats. Apr\u00e8s plusieurs phases de traitement, tout semble \u00eatre rentr\u00e9 dans l\u2019ordre. Le poste de police n\u2019\u00e9tait pas le seul concern\u00e9 par la pr\u00e9sence de cafards, des bestioles avaient \u00e9galement investi des logements de cet immeuble du bailleur Batig\u00e8re.<\/p>\n<p>En ao\u00fbt\u00a02020, une extension qui mena\u00e7ait de s\u2019effondrer avait \u00e9galement n\u00e9cessit\u00e9 une fermeture des lieux durant trois ans. <a href=\"https:\/\/www.estrepublicain.fr\/faits-divers-justice\/2024\/02\/19\/apres-trois-ans-de-fermeture-le-poste-de-police-rouvre-mais-avec-moins-de-policiers\" target=\"_blank\" rel=\"nofollow noopener\">Apr\u00e8s d\u2019importants travaux<\/a> et une facture de 750\u00a0000\u00a0\u20ac \u00e0 la charge de l\u2019\u00c9tat, les locaux avaient \u00e9t\u00e9 inaugur\u00e9s en f\u00e9vrier\u00a02024 par la pr\u00e9f\u00e8te Fran\u00e7oise Souliman qui avait alors \u00e9voqu\u00e9 un moment de \u00ab\u00a0reconqu\u00eate r\u00e9publicaine\u00a0\u00bb.<\/p>\n","protected":false},"excerpt":{"rendered":"Le poste de police de Laxou, sis au rez-de-chauss\u00e9e du b\u00e2timent Savoie, boulevard de l\u2019Europe, a rouvert au&hellip;\n","protected":false},"author":2,"featured_media":1159664,"comment_status":"","ping_status":"","sticky":false,"template":"","format":"standard","meta":{"footnotes":"","_share_on_mastodon":"0"},"categories":[9635],"tags":[119,1111,11,1867,1704,436,1777,674,274,1011,27,775,10426,10262,3457,1702,12,25,104],"class_list":["post-1159663","post","type-post","status-publish","format-standard","has-post-thumbnail","category-nancy","tag-accident","tag-actu","tag-actualites","tag-animaux","tag-edition-nancy-et-agglomeration","tag-environnement","tag-eu","tag-europe","tag-faits-divers-justice","tag-fr","tag-france","tag-grand-est","tag-laxou","tag-metropole-du-grand-nancy-54b5","tag-meurthe-et-moselle","tag-nancy","tag-news","tag-republique-francaise","tag-societe"],"share_on_mastodon":{"url":"https:\/\/pubeurope.com\/@fr\/117191655177903928","error":""},"_links":{"self":[{"href":"https:\/\/www.europesays.com\/fr\/wp-json\/wp\/v2\/posts\/1159663","targetHints":{"allow":["GET"]}}],"collection":[{"href":"https:\/\/www.europesays.com\/fr\/wp-json\/wp\/v2\/posts"}],"about":[{"href":"https:\/\/www.europesays.com\/fr\/wp-json\/wp\/v2\/types\/post"}],"author":[{"embeddable":true,"href":"https:\/\/www.europesays.com\/fr\/wp-json\/wp\/v2\/users\/2"}],"replies":[{"embeddable":true,"href":"https:\/\/www.europesays.com\/fr\/wp-json\/wp\/v2\/comments?post=1159663"}],"version-history":[{"count":0,"href":"https:\/\/www.europesays.com\/fr\/wp-json\/wp\/v2\/posts\/1159663\/revisions"}],"wp:featuredmedia":[{"embeddable":true,"href":"https:\/\/www.europesays.com\/fr\/wp-json\/wp\/v2\/media\/1159664"}],"wp:attachment":[{"href":"https:\/\/www.europesays.com\/fr\/wp-json\/wp\/v2\/media?parent=1159663"}],"wp:term":[{"taxonomy":"category","embeddable":true,"href":"https:\/\/www.europesays.com\/fr\/wp-json\/wp\/v2\/categories?post=1159663"},{"taxonomy":"post_tag","embeddable":true,"href":"https:\/\/www.europesays.com\/fr\/wp-json\/wp\/v2\/tags?post=1159663"}],"curies":[{"name":"wp","href":"https:\/\/api.w.org\/{rel}","templated":true}]}}