{"id":115967,"date":"2025-05-21T04:23:08","date_gmt":"2025-05-21T04:23:08","guid":{"rendered":"https:\/\/www.europesays.com\/fr\/115967\/"},"modified":"2025-05-21T04:23:08","modified_gmt":"2025-05-21T04:23:08","slug":"video-motogp-zarco-explose-espargaro-quil-deteste-ambiance-chez-honda","status":"publish","type":"post","link":"https:\/\/www.europesays.com\/fr\/115967\/","title":{"rendered":"Vid\u00e9o. MotoGP Zarco explose Espargaro, qu&rsquo;il d\u00e9teste, ambiance chez Honda !"},"content":{"rendered":"<p>C\u2019est sur Bein Sports, alors qu\u2019il \u00e9tait invit\u00e9 et interrog\u00e9 sur le pilote MotoGP qu\u2019il aimait le moins, que Johann Zarco a cit\u00e9 Aleix Espargaro, sans le m\u00e9nager.Interrog\u00e9 par la journaliste au sujet du pilote qu\u2019il d\u00e9testait le plus, le tricolore a ainsi \u00e9voqu\u00e9 une anecdote r\u00e9v\u00e9lant \u00e0 quel point l\u2019Espagnol pouvait rapidement changer de visage. Pourtant, le tricolore semble mettre de la bonne volont\u00e9 avec son coll\u00e8gue, avec qu\u2019il il doit d\u00e9sormais cohabiter chez Honda. D\u00e8s lors, pas certain que le fait de les int\u00e9grer dans le m\u00eame projet soit une id\u00e9e g\u00e9niale\u2026Voici l\u2019\u00e9mission en question, avec l\u2019intervention de JZ5.<\/p>\n<\/p>\n<p>Article publi\u00e9 le 21\/05\/2025 \u00e0 5h50<\/p>\n<p>                                            <img loading=\"lazy\" alt=\"\" class=\"avatar avatar-100 photo lazyload\" height=\"100\" width=\"100\" decoding=\"async\" src=\"https:\/\/www.europesays.com\/fr\/wp-content\/uploads\/2025\/05\/1747801388_964_ffbb894c35ea5189d599d4ea062c98b86ffb67cc602fa683ebcbf422a80fc47a\"  data-eio-rwidth=\"100\" data-eio-rheight=\"100\"\/><\/p>\n<p class=\"h2\">\n                                            Julien Barthet\n                                        <\/p>\n<p>R\u00e9dacteur professionnel, titulaire de la carte de presse pendant 3 ans. Fondateur\/Directeur et R\u00e9dacteur en chef Le Mag Sport Auto et LeMagJeuxHighTech.com.&#13;<br \/>\nEx-Pilote automobile : 55 courses (Formule Ford, F.Campus, Coupe 206 Sprint et Relais, Saxo, Ford Fiesta Allemagne, Mitjet) 1 Victoire. Essais F3, Nascar Euro, Caterham, F.Renault, etc.<\/p>\n<p>                                                                                                                            <a href=\"https:\/\/lemagsportauto.ouest-france.fr\/author\/lmsa_adm\/\" title=\"Julien Barthet\" target=\"_blank\" rel=\"noopener\"><br \/>\n                                                Voir les publications de l&rsquo;auteur<br \/>\n                                            <\/a><\/p>\n","protected":false},"excerpt":{"rendered":"C\u2019est sur Bein Sports, alors qu\u2019il \u00e9tait invit\u00e9 et interrog\u00e9 sur le pilote MotoGP qu\u2019il aimait le moins,&hellip;\n","protected":false},"author":2,"featured_media":115968,"comment_status":"","ping_status":"","sticky":false,"template":"","format":"standard","meta":{"footnotes":""},"categories":[1413],"tags":[1011,27,1741,1457,1456,1458,60],"class_list":{"0":"post-115967","1":"post","2":"type-post","3":"status-publish","4":"format-standard","5":"has-post-thumbnail","7":"category-moto","8":"tag-fr","9":"tag-france","10":"tag-johann-zarco","11":"tag-moto","12":"tag-motocycle","13":"tag-motogp","14":"tag-sports"},"share_on_mastodon":{"url":"https:\/\/pubeurope.com\/@fr\/114543919344731922","error":""},"_links":{"self":[{"href":"https:\/\/www.europesays.com\/fr\/wp-json\/wp\/v2\/posts\/115967","targetHints":{"allow":["GET"]}}],"collection":[{"href":"https:\/\/www.europesays.com\/fr\/wp-json\/wp\/v2\/posts"}],"about":[{"href":"https:\/\/www.europesays.com\/fr\/wp-json\/wp\/v2\/types\/post"}],"author":[{"embeddable":true,"href":"https:\/\/www.europesays.com\/fr\/wp-json\/wp\/v2\/users\/2"}],"replies":[{"embeddable":true,"href":"https:\/\/www.europesays.com\/fr\/wp-json\/wp\/v2\/comments?post=115967"}],"version-history":[{"count":0,"href":"https:\/\/www.europesays.com\/fr\/wp-json\/wp\/v2\/posts\/115967\/revisions"}],"wp:featuredmedia":[{"embeddable":true,"href":"https:\/\/www.europesays.com\/fr\/wp-json\/wp\/v2\/media\/115968"}],"wp:attachment":[{"href":"https:\/\/www.europesays.com\/fr\/wp-json\/wp\/v2\/media?parent=115967"}],"wp:term":[{"taxonomy":"category","embeddable":true,"href":"https:\/\/www.europesays.com\/fr\/wp-json\/wp\/v2\/categories?post=115967"},{"taxonomy":"post_tag","embeddable":true,"href":"https:\/\/www.europesays.com\/fr\/wp-json\/wp\/v2\/tags?post=115967"}],"curies":[{"name":"wp","href":"https:\/\/api.w.org\/{rel}","templated":true}]}}