{"id":1159723,"date":"2026-08-31T19:40:20","date_gmt":"2026-08-31T19:40:20","guid":{"rendered":"https:\/\/www.europesays.com\/fr\/1159723\/"},"modified":"2026-08-31T19:40:20","modified_gmt":"2026-08-31T19:40:20","slug":"guerre-en-ukraine-ce-quil-faut-retenir-de-la-situation-du-lundi-31-aout","status":"publish","type":"post","link":"https:\/\/www.europesays.com\/fr\/1159723\/","title":{"rendered":"Guerre en Ukraine\u00a0: ce qu\u2019il faut retenir de la situation du lundi 31\u00a0ao\u00fbt"},"content":{"rendered":"<p>Incendie \u00ab\u00a0\u00e0 caract\u00e8re terroriste\u00a0\u00bb dans une usine de drones en Pologne<\/p>\n<p class=\"article-paragraph\">Le parquet polonais a annonc\u00e9 lundi 31\u00a0ao\u00fbt le lancement d\u2019une enqu\u00eate pour \u00ab\u00a0crime \u00e0 caract\u00e8re terroriste\u00a0\u00bb \u00e0 la suite d\u2019un incendie survenu la nuit pr\u00e9c\u00e9dente dans une usine de drones \u00e0 Skarzysko-Kamienna (centre), sans faire de victimes.<\/p>\n<p class=\"article-paragraph\">Selon un communiqu\u00e9 du parquet, une enqu\u00eate a \u00e9t\u00e9 ouverte \u00ab\u00a0pour participation aux activit\u00e9s d\u2019un service de renseignement \u00e9tranger dirig\u00e9es contre la R\u00e9publique de Pologne et pour un crime \u00e0 caract\u00e8re terroriste, consistant \u00e0 avoir d\u00e9lib\u00e9r\u00e9ment provoqu\u00e9 (\u2026) un incendie sur le terrain de l\u2019usine WB Electronics, \u00e0 l\u2019aide d\u2019une charge contenant des mat\u00e9riaux inflammables\u00a0\u00bb.<\/p>\n<p class=\"article-paragraph\">Plusieurs pays de l\u2019Otan ont r\u00e9cemment dit avoir \u00e9t\u00e9 la cible d\u2019op\u00e9rations de sabotage ou d\u2019espionnage, des actes de \u00ab\u00a0guerre hybride\u00a0\u00bb imput\u00e9s \u00e0 la Russie. Certains, comme la Pologne et la Roumanie, ont subi des intrusions de drones et de missiles identifi\u00e9s comme russes.<\/p>\n<p>Des Indon\u00e9siens soup\u00e7onn\u00e9s d\u2019avoir combattu pour la Russie en\u00a0Ukraine<\/p>\n<p class=\"article-paragraph\">Les autorit\u00e9s de Djakarta ont indiqu\u00e9 qu\u2019elles enqu\u00eataient sur les cas de \u00ab\u00a0plusieurs\u00a0\u00bb Indon\u00e9siens soup\u00e7onn\u00e9s d\u2019avoir rejoint l\u2019arm\u00e9e russe et d\u2019avoir \u00e9t\u00e9 d\u00e9ploy\u00e9s pour combattre en\u00a0Ukraine. Plusieurs minist\u00e8res et institutions gouvernementales v\u00e9rifient actuellement des informations provenant des autorit\u00e9s ukrainiennes, a indiqu\u00e9 le minist\u00e8re des affaires \u00e9trang\u00e8res indon\u00e9sien dans un communiqu\u00e9.<\/p>\n<p class=\"article-paragraph\">Le minist\u00e8re n\u2019a pas pr\u00e9cis\u00e9 combien d\u2019Indon\u00e9siens sont soup\u00e7onn\u00e9s d\u2019avoir rejoint l\u2019arm\u00e9e russe. Si ces informations sont av\u00e9r\u00e9es, les combattants risquent de perdre leur citoyennet\u00e9, en vertu d\u2019une loi obligeant les Indon\u00e9siens \u00e0 obtenir une autorisation pr\u00e9sidentielle s\u2019ils souhaitent servir dans une arm\u00e9e \u00e9trang\u00e8re.<\/p>\n<p>Le bilan de la frappe sur un d\u00e9p\u00f4t de munitions grimpe \u00e0 38 morts<\/p>\n<p class=\"article-paragraph\">Le bilan de la frappe russe sur un d\u00e9p\u00f4t de munition pr\u00e8s de Kiev est mont\u00e9 \u00e0 38 morts, a indiqu\u00e9 dimanche le pr\u00e9sident ukrainien Volodymyr Zelensky, qui \u00e9voque une \u00ab\u00a0importante contamination\u00a0\u00bb de la zone. La Russie avait frapp\u00e9 \u00e0 l\u2019aide d\u2019un drone dans la nuit de vendredi \u00e0 samedi cet entrep\u00f4t de <a href=\"https:\/\/www.la-croix.com\/international\/un-meilleur-salaire-et-un-engagement-en-cdd-l-armee-ukrainienne-tente-de-convaincre-les-refractaires-20260628\" data-tracking=\"inpage_click\" data-tracking-action=\"lire un article\" data-tracking-category=\"recirculation\" rel=\"nofollow noopener\" target=\"_blank\">l\u2019arm\u00e9e ukrainienne<\/a> dans la ville de Myla, en banlieue de Kiev, qui renfermait des munitions, drones et explosifs.<\/p>\n<p class=\"article-paragraph\">Cette attaque avait provoqu\u00e9 une \u00e9norme explosion, un incendie et des d\u00e9tonations secondaires qui ont projet\u00e9 des flammes aux alentours. \u00ab\u00a0Le travail se poursuit sans rel\u00e2che dans la localit\u00e9 de Myla\u00a0\u00bb, o\u00f9 les secours ont \u00ab\u00a0r\u00e9ussi \u00e0 \u00e9teindre la plupart des incendies\u00a0\u00bb et des d\u00e9mineurs travaillent sur le site, a indiqu\u00e9 Volodymyr Zelensky sur Telegram.<\/p>\n<p>Moscou promet des \u00ab\u00a0frappes massives\u00a0\u00bb contre le \u00ab\u00a0secteur \u00e9nerg\u00e9tique\u00a0\u00bb<\/p>\n<p class=\"article-paragraph\">La Russie a annonc\u00e9 dimanche pr\u00e9parer des \u00ab\u00a0frappes massives\u00a0\u00bb contre des \u00ab\u00a0installations du secteur \u00e9nerg\u00e9tique\u00a0\u00bb de l\u2019Ukraine, dans un contexte de nette intensification des attaques depuis plusieurs mois. \u00ab\u00a0Les forces arm\u00e9es russes ont entam\u00e9 la pr\u00e9paration de frappes massives contre les installations du secteur \u00e9nerg\u00e9tique de l\u2019Ukraine\u00a0en r\u00e9ponse aux attaques continues du r\u00e9gime de Kiev contre les infrastructures civiles et le complexe p\u00e9trolier et \u00e9nerg\u00e9tique de la Russie\u00a0\u00bb, a indiqu\u00e9 le minist\u00e8re russe de la d\u00e9fense sur Telegram.<\/p>\n<p class=\"article-paragraph\">Lors de l\u2019hiver dernier, Moscou avait multipli\u00e9 les frappes sur les centrales ukrainiennes, d\u00e9vastant le secteur \u00e9nerg\u00e9tique du pays et plongeant par moments des millions de personnes dans le froid et le noir. La Russie et l\u2019Ukraine\u00a0sont engag\u00e9es depuis plusieurs mois dans une escalade des frappes \u00e0 longue port\u00e9e, qui visent un nombre croissant d\u2019infrastructures civiles, tels que des entrep\u00f4ts, des commerces, des sites p\u00e9troliers et portuaires et des navires.<\/p>\n","protected":false},"excerpt":{"rendered":"Incendie \u00ab\u00a0\u00e0 caract\u00e8re terroriste\u00a0\u00bb dans une usine de drones en Pologne Le parquet polonais a annonc\u00e9 lundi 31\u00a0ao\u00fbt&hellip;\n","protected":false},"author":2,"featured_media":1159724,"comment_status":"","ping_status":"","sticky":false,"template":"","format":"standard","meta":{"footnotes":"","_share_on_mastodon":"0"},"categories":[1591],"tags":[11,1887,12,1885,1886,132],"class_list":["post-1159723","post","type-post","status-publish","format-standard","has-post-thumbnail","category-russie","tag-actualites","tag-federation-de-russie","tag-news","tag-russia","tag-russian-federation","tag-russie"],"share_on_mastodon":{"url":"https:\/\/pubeurope.com\/@fr\/117191824248367510","error":""},"_links":{"self":[{"href":"https:\/\/www.europesays.com\/fr\/wp-json\/wp\/v2\/posts\/1159723","targetHints":{"allow":["GET"]}}],"collection":[{"href":"https:\/\/www.europesays.com\/fr\/wp-json\/wp\/v2\/posts"}],"about":[{"href":"https:\/\/www.europesays.com\/fr\/wp-json\/wp\/v2\/types\/post"}],"author":[{"embeddable":true,"href":"https:\/\/www.europesays.com\/fr\/wp-json\/wp\/v2\/users\/2"}],"replies":[{"embeddable":true,"href":"https:\/\/www.europesays.com\/fr\/wp-json\/wp\/v2\/comments?post=1159723"}],"version-history":[{"count":0,"href":"https:\/\/www.europesays.com\/fr\/wp-json\/wp\/v2\/posts\/1159723\/revisions"}],"wp:featuredmedia":[{"embeddable":true,"href":"https:\/\/www.europesays.com\/fr\/wp-json\/wp\/v2\/media\/1159724"}],"wp:attachment":[{"href":"https:\/\/www.europesays.com\/fr\/wp-json\/wp\/v2\/media?parent=1159723"}],"wp:term":[{"taxonomy":"category","embeddable":true,"href":"https:\/\/www.europesays.com\/fr\/wp-json\/wp\/v2\/categories?post=1159723"},{"taxonomy":"post_tag","embeddable":true,"href":"https:\/\/www.europesays.com\/fr\/wp-json\/wp\/v2\/tags?post=1159723"}],"curies":[{"name":"wp","href":"https:\/\/api.w.org\/{rel}","templated":true}]}}