{"id":1159727,"date":"2026-08-31T19:42:33","date_gmt":"2026-08-31T19:42:33","guid":{"rendered":"https:\/\/www.europesays.com\/fr\/1159727\/"},"modified":"2026-08-31T19:42:33","modified_gmt":"2026-08-31T19:42:33","slug":"lac-ontario-rebaptise-lac-amerique-aux-usa-le-canada-contre-attaque","status":"publish","type":"post","link":"https:\/\/www.europesays.com\/fr\/1159727\/","title":{"rendered":"Lac Ontario : rebaptis\u00e9 \u00ab lac Am\u00e9rique \u00bb aux USA, le Canada contre-attaque"},"content":{"rendered":"<p>Apr\u00e8s le d\u00e9cret de Donald Trump en ce sens, le lac Ontario, \u00e0 la fronti\u00e8re entre les \u00c9tats-Unis et le Canada, a \u00e9t\u00e9 officiellement renomm\u00e9 lac Am\u00e9rique pour les utilisateurs am\u00e9ricains de Google Maps, a indiqu\u00e9 Google dans un communiqu\u00e9. L&rsquo;Etat canadien de l&rsquo;Ontario a ripost\u00e9 avec un panneau: \u00ab\u00a0Lac Ontario. Aujourd\u2019hui et pour toujours\u00a0\u00bb.<\/p>\n<p>Cette d\u00e9cision de Google intervient alors que le pr\u00e9sident am\u00e9ricain Donald Trump a sign\u00e9 un d\u00e9cret pour changer le nom du lac, alimentant une querelle entre les Etats-Unis et le Canada sur fond de n\u00e9gociations commerciales.<\/p>\n<p>\u00ab\u00a0Les utilisateurs de Maps aux \u00c9tats-Unis verront &lsquo;lac Am\u00e9rique&rsquo;, ceux au Canada continueront de voir &lsquo;lac Ontario&rsquo;, et ceux situ\u00e9s en dehors des \u00c9tats-Unis et du Canada verront les deux noms\u00a0\u00bb, a pr\u00e9cis\u00e9 Google dans un article de blog publi\u00e9 ce week-end.<\/p>\n<p><strong class=\"inline-title standalone\">&gt;&gt; Lake America\u00a0: <\/strong> <img decoding=\"async\" src=\"https:\/\/www.europesays.com\/fr\/wp-content\/uploads\/2026\/08\/08439ff6-29343096.image.jpeg\" alt=\"Une carte Google montrant le lac Ontario renomm\u00e9 \u00ab Lake America \u00bb affich\u00e9e sur un \u00e9cran d'ordinateur le 30 ao\u00fbt 2026. [Copyright 2026 The Associated Press. All rights reserved. - JEFF ROBERSON]\" title=\"Une carte Google montrant le lac Ontario renomm\u00e9 \u00ab Lake America \u00bb affich\u00e9e sur un \u00e9cran d'ordinateur le 30 ao\u00fbt 2026. [Copyright 2026 The Associated Press. All rights reserved. - JEFF ROBERSON]\" loading=\"lazy\"\/>  Une carte Google montrant le lac Ontario renomm\u00e9 Lake America affich\u00e9e sur un \u00e9cran d&rsquo;ordinateur le 30 ao\u00fbt 2026. [Copyright 2026 The Associated Press. All rights reserved. &#8211; JEFF ROBERSON] Normes applicables aux Etats-Unis<\/p>\n<p>Le d\u00e9cret pr\u00e9sidentiel de Donald Trump concerne le Syst\u00e8me d\u2019information sur les noms g\u00e9ographiques des \u00c9tats-Unis, qui d\u00e9finit les normes applicables aux cartes officielles am\u00e9ricaines.<\/p>\n<p>Le d\u00e9cret n\u2019a aucune incidence sur les conventions de d\u00e9nomination canadiennes ni sur la mani\u00e8re dont le reste du monde d\u00e9signe ce lac.<\/p>\n<p>La Maison Blanche, le bureau du Premier ministre canadien Mark Carney et celui du Premier ministre de l\u2019Ontario Doug Ford n\u2019ont pas imm\u00e9diatement comment\u00e9 la d\u00e9cision de Google.<\/p>\n<p>Contenu externe<\/p>\n<p> Ce contenu externe ne peut pas \u00eatre affich\u00e9 car il est susceptible de collecter des donn\u00e9es personnelles. Pour voir ce contenu vous devez autoriser la cat\u00e9gorie <strong>Infographies<\/strong>. <\/p>\n<p> Accepter Plus d&rsquo;info <\/p>\n<p>    Riposte canadienne<\/p>\n<p>Pour exprimer son rejet de cette d\u00e9cision, le Premier ministre de l&rsquo;Etat canadien de l&rsquo;Ontario Doug Ford a d\u00e9voil\u00e9 samedi un grand panneau au bord du lac sur lequel on peut lire, en anglais et en fran\u00e7ais : \u00ab\u00a0Lac Ontario. Aujourd\u2019hui et pour toujours\u00a0\u00bb.<\/p>\n<p>\u00ab\u00a0Le pr\u00e9sident Trump peut l\u2019appeler comme bon lui semble, mais je peux vous dire que le reste du monde l\u2019appellera toujours le lac Ontario\u00a0\u00bb, a d\u00e9clar\u00e9 Doug Ford dans une vid\u00e9o publi\u00e9 sur X.<\/p>\n<p>Contenu externe<\/p>\n<p> Ce contenu externe ne peut pas \u00eatre affich\u00e9 car il est susceptible de collecter des donn\u00e9es personnelles. Pour voir ce contenu vous devez autoriser la cat\u00e9gorie <strong>R\u00e9seaux sociaux<\/strong>. <\/p>\n<p> Accepter Plus d&rsquo;info <\/p>\n<p>Le Premier ministre du Canada Mark Carney avait rejet\u00e9 la semaine derni\u00e8re le changement de nom du lac. Tout comme la gouverneure d\u00e9mocrate de New York Kathy Hochul, dont l\u2019\u00c9tat partage une longue fronti\u00e8re avec le Canada, qui a d\u00e9clar\u00e9 que \u00ab\u00a0(l&rsquo;Etat de) New York ne l\u2019appellera pas ainsi\u00a0\u00bb.<\/p>\n<p>Phil Scott, le gouverneur r\u00e9publicain du Vermont voisin, a \u00e9galement qualifi\u00e9 la d\u00e9cision de Donald Trump de \u00ab\u00a0mesquine et d\u00e9cevante\u00a0\u00bb sur les r\u00e9seaux sociaux.<\/p>\n<p><strong class=\"inline-title\">&gt;&gt; Lire aussi\u00a0: <\/strong><a href=\"https:\/\/www.rts.ch\/info\/monde\/2026\/article\/donald-trump-renomme-le-lac-ontario-en-lac-d-amerique-29340255.html\" data-item-id=\"richtext_link\" rel=\"nofollow noopener\" target=\"_blank\">Donald Trump change le nom du lac Ontario en &lsquo;lac d&rsquo;Am\u00e9rique&rsquo;<\/a><\/p>\n<p class=\"sources\">fgn avec les agences<\/p>\n","protected":false},"excerpt":{"rendered":"Apr\u00e8s le d\u00e9cret de Donald Trump en ce sens, le lac Ontario, \u00e0 la fronti\u00e8re entre les \u00c9tats-Unis&hellip;\n","protected":false},"author":2,"featured_media":1159728,"comment_status":"","ping_status":"","sticky":false,"template":"","format":"standard","meta":{"footnotes":"","_share_on_mastodon":"0"},"categories":[1589],"tags":[11,574,75,73,1866,20705,323,14470,28192,119176,6972,74,12,12517,316,73304,31346,965,1864,1865,1863,308,38326],"class_list":["post-1159727","post","type-post","status-publish","format-standard","has-post-thumbnail","category-etats-unis","tag-actualites","tag-canada","tag-donald-trump","tag-etats-unis","tag-etats-unis-damerique","tag-frontiere","tag-google","tag-google-maps","tag-lac","tag-lac-ontario","tag-marketing","tag-monde","tag-news","tag-ocean","tag-politique","tag-premier-ou-premiere-ministre","tag-technologies-de-linformation-et-de-la-communication","tag-telecommunications","tag-united-states","tag-united-states-of-america","tag-us","tag-usa","tag-utilisateur"],"share_on_mastodon":{"url":"https:\/\/pubeurope.com\/@fr\/117191833846735177","error":""},"_links":{"self":[{"href":"https:\/\/www.europesays.com\/fr\/wp-json\/wp\/v2\/posts\/1159727","targetHints":{"allow":["GET"]}}],"collection":[{"href":"https:\/\/www.europesays.com\/fr\/wp-json\/wp\/v2\/posts"}],"about":[{"href":"https:\/\/www.europesays.com\/fr\/wp-json\/wp\/v2\/types\/post"}],"author":[{"embeddable":true,"href":"https:\/\/www.europesays.com\/fr\/wp-json\/wp\/v2\/users\/2"}],"replies":[{"embeddable":true,"href":"https:\/\/www.europesays.com\/fr\/wp-json\/wp\/v2\/comments?post=1159727"}],"version-history":[{"count":0,"href":"https:\/\/www.europesays.com\/fr\/wp-json\/wp\/v2\/posts\/1159727\/revisions"}],"wp:featuredmedia":[{"embeddable":true,"href":"https:\/\/www.europesays.com\/fr\/wp-json\/wp\/v2\/media\/1159728"}],"wp:attachment":[{"href":"https:\/\/www.europesays.com\/fr\/wp-json\/wp\/v2\/media?parent=1159727"}],"wp:term":[{"taxonomy":"category","embeddable":true,"href":"https:\/\/www.europesays.com\/fr\/wp-json\/wp\/v2\/categories?post=1159727"},{"taxonomy":"post_tag","embeddable":true,"href":"https:\/\/www.europesays.com\/fr\/wp-json\/wp\/v2\/tags?post=1159727"}],"curies":[{"name":"wp","href":"https:\/\/api.w.org\/{rel}","templated":true}]}}