{"id":1159731,"date":"2026-08-31T19:45:16","date_gmt":"2026-08-31T19:45:16","guid":{"rendered":"https:\/\/www.europesays.com\/fr\/1159731\/"},"modified":"2026-08-31T19:45:16","modified_gmt":"2026-08-31T19:45:16","slug":"linflation-augmente-en-allemagne-ce-qui-renforce-les-pressions-en-faveur-dune-hausse-des-taux-dinteret-par-la-bce-business-am","status":"publish","type":"post","link":"https:\/\/www.europesays.com\/fr\/1159731\/","title":{"rendered":"L&rsquo;inflation augmente en Allemagne, ce qui renforce les pressions en faveur d&rsquo;une hausse des taux d&rsquo;int\u00e9r\u00eat par la BCE &#8211; Business AM"},"content":{"rendered":"<p>    Lire \u00e0 voix haute<\/p>\n<p>Principaux renseignements<\/p>\n<ul class=\"wp-block-list\">\n<li><strong>La hausse des co\u00fbts \u00e9nerg\u00e9tiques en Allemagne renforce les arguments en faveur d\u2019une hausse des taux d\u2019int\u00e9r\u00eat de la BCE.<\/strong><\/li>\n<li> Les analystes de march\u00e9 s\u2019attendent \u00e0 une hausse des co\u00fbts d\u2019emprunt \u00e0 partir du 10 septembre.<\/li>\n<li> La vigueur \u00e9conomique li\u00e9e \u00e0 l\u2019IA et aux d\u00e9penses militaires permet une politique mon\u00e9taire plus restrictive.<\/li>\n<\/ul>\n<p class=\"wp-block-paragraph\">La r\u00e9cente hausse des prix \u00e0 la consommation en Allemagne renforce les arguments en faveur d\u2019une hausse des taux d\u2019int\u00e9r\u00eat par la Banque centrale europ\u00e9enne au cours du mois prochain. En ao\u00fbt, l\u2019inflation annuelle a atteint 2,9 pour cent, soit une l\u00e9g\u00e8re hausse par rapport aux 2,8 pour cent enregistr\u00e9s en juillet et son plus haut niveau depuis avril, m\u00eame si elle est rest\u00e9e inf\u00e9rieure aux 3,1 pour cent pr\u00e9vus par les analystes de Bloomberg.<\/p>\n<p>Hausse des taux d\u2019int\u00e9r\u00eat<\/p>\n<p class=\"wp-block-paragraph\">Cette hausse a \u00e9t\u00e9 principalement aliment\u00e9e par les co\u00fbts de l\u2019\u00e9nergie, exacerb\u00e9s par l\u2019instabilit\u00e9 persistante au Moyen-Orient, alors m\u00eame que les co\u00fbts des denr\u00e9es alimentaires et des services ont baiss\u00e9. Cette tendance refl\u00e8te les donn\u00e9es observ\u00e9es en Espagne et en France, sugg\u00e9rant une flamb\u00e9e inflationniste r\u00e9gionale plus g\u00e9n\u00e9ralis\u00e9e, tir\u00e9e par les prix du p\u00e9trole et du gaz. <\/p>\n<p class=\"wp-block-paragraph\">En cons\u00e9quence, la <a href=\"https:\/\/fr.businessam.be\/la-bce-voit-un-avenir-dans-la-monnaie-de-banque-centrale-programmable\/\" data-type=\"link\" data-id=\"https:\/\/fr.businessam.be\/la-bce-voit-un-avenir-dans-la-monnaie-de-banque-centrale-programmable\/\" rel=\"nofollow noopener\" target=\"_blank\">BCE<\/a>, qui a d\u00e9j\u00e0 proc\u00e9d\u00e9 \u00e0 une hausse des taux, devrait relever \u00e0 nouveau les co\u00fbts d\u2019emprunt le 10 septembre, les acteurs du march\u00e9 anticipant un resserrement suppl\u00e9mentaire tout au long de l\u2019ann\u00e9e prochaine.<\/p>\n<p>Vers une politique restrictive<\/p>\n<p class=\"wp-block-paragraph\">Primoz Dolenc, membre du Conseil des gouverneurs, a soulign\u00e9 que les raisons justifiant un ajustement en septembre \u00e9taient \u00e9videntes. Actuellement, le taux de d\u00e9p\u00f4t de la BCE, fix\u00e9 \u00e0 2,25 pour cent, est consid\u00e9r\u00e9 comme neutre, c\u2019est-\u00e0-dire qu\u2019il n\u2019entrave ni n\u2019encourage la demande \u00e9conomique. De plus, l\u2019union des 21 pays a fait preuve d\u2019une vigueur inattendue, soutenue par des investissements importants dans l\u2019intelligence artificielle et les d\u00e9penses militaires. <\/p>\n<p class=\"wp-block-paragraph\">Ces facteurs ont conduit les responsables, lors de la r\u00e9union de juin, \u00e0 envisager un virage vers une politique \u00ab mod\u00e9r\u00e9ment restrictive \u00bb, ce qui impliquerait probablement une hausse sup\u00e9rieure \u00e0 25 points de base.<\/p>\n<p>Suivi des effets de second tour<\/p>\n<p class=\"wp-block-paragraph\">Les responsables de la banque centrale surveillent \u00e9galement le risque d\u2019\u00ab effets de second tour \u00bb d\u00e9coulant de l\u2019acc\u00e9l\u00e9ration de l\u2019inflation. Martin Kocher, membre du Conseil des gouverneurs, a indiqu\u00e9 que, bien qu\u2019il n\u2019y ait pas encore de preuves d\u00e9finitives, la situation se pr\u00e9cisera cet automne, ce qui d\u00e9terminera en fin de compte les futures d\u00e9cisions en mati\u00e8re de taux.<\/p>\n<p>Zone euro<\/p>\n<p class=\"wp-block-paragraph\">Sur le march\u00e9 allemand en particulier, la flamb\u00e9e observ\u00e9e en ao\u00fbt a \u00e9t\u00e9 d\u00e9clench\u00e9e par l\u2019expiration, en juin, des subventions sur les carburants, ce qui a entra\u00een\u00e9 une hausse des prix de l\u2019essence et du fioul domestique, parall\u00e8lement aux d\u00e9penses saisonni\u00e8res li\u00e9es \u00e0 la rentr\u00e9e scolaire. Parall\u00e8lement, les estimations d\u2019un sondage <a href=\"https:\/\/www.bloomberg.com\/news\/articles\/2026-08-31\/german-inflation-edges-higher-adding-to-case-for-ecb-hike?srnd=homepage-europe\" data-type=\"link\" data-id=\"https:\/\/www.bloomberg.com\/news\/articles\/2026-08-31\/german-inflation-edges-higher-adding-to-case-for-ecb-hike?srnd=homepage-europe\" target=\"_blank\" rel=\"noreferrer noopener nofollow\">Bloomberg<\/a> sugg\u00e8rent que l\u2019inflation dans l\u2019ensemble de la zone euro pourrait avoir atteint 3,3 pour cent ce mois-ci. (fc)<\/p>\n<p class=\"wp-block-paragraph\"><a href=\"https:\/\/news.google.com\/publications\/CAowtseUCw?hl=fr&amp;gl=BE&amp;ceid=BE%3Afr\" target=\"_blank\" rel=\"nofollow noopener\">Suivez \u00e9galement Business AM sur Google Actualit\u00e9s<\/a><\/p>\n<p class=\"wp-block-paragraph\"><a href=\"https:\/\/portalfr.businessam.be\/plans\/business-am-fr-offre-dete\/\" target=\"_blank\" rel=\"nofollow noopener\">Si vous souhaitez acc\u00e9der \u00e0 tous les articles, abonnez-vous ici !<\/a><\/p>\n<p><a href=\"https:\/\/www.google.com\/preferences\/source?q=fr.businessam.be\" target=\"_blank\" rel=\"noopener noreferrer nofollow\" class=\"google-preferred-badge\"><br \/>\n    <img decoding=\"async\" src=\"https:\/\/www.europesays.com\/fr\/wp-content\/uploads\/2026\/05\/google_preferred_source_badge_dark_BAM_fr.png\" alt=\"Ajoutez fr.businessam.be en tant que source pr\u00e9f\u00e9r\u00e9e sur Google\" style=\"max-width: 50%; height: auto; border: 0; display: block; margin: 30px 0;\"\/><br \/>\n<\/a><\/p>\n","protected":false},"excerpt":{"rendered":"Lire \u00e0 voix haute Principaux renseignements La hausse des co\u00fbts \u00e9nerg\u00e9tiques en Allemagne renforce les arguments en faveur&hellip;\n","protected":false},"author":2,"featured_media":1159732,"comment_status":"","ping_status":"","sticky":false,"template":"","format":"standard","meta":{"footnotes":"","_share_on_mastodon":"0"},"categories":[1587],"tags":[11,672,11126,1804,1805,1803,1777,674,1801,9345,12,1802,10796],"class_list":["post-1159731","post","type-post","status-publish","format-standard","has-post-thumbnail","category-allemagne","tag-actualites","tag-allemagne","tag-bce","tag-bundesrepublik-deutschland","tag-de","tag-deutschland","tag-eu","tag-europe","tag-germany","tag-inflation","tag-news","tag-republique-federale-dallemagne","tag-taux-dinteret"],"share_on_mastodon":{"url":"https:\/\/pubeurope.com\/@fr\/117191845534360459","error":""},"_links":{"self":[{"href":"https:\/\/www.europesays.com\/fr\/wp-json\/wp\/v2\/posts\/1159731","targetHints":{"allow":["GET"]}}],"collection":[{"href":"https:\/\/www.europesays.com\/fr\/wp-json\/wp\/v2\/posts"}],"about":[{"href":"https:\/\/www.europesays.com\/fr\/wp-json\/wp\/v2\/types\/post"}],"author":[{"embeddable":true,"href":"https:\/\/www.europesays.com\/fr\/wp-json\/wp\/v2\/users\/2"}],"replies":[{"embeddable":true,"href":"https:\/\/www.europesays.com\/fr\/wp-json\/wp\/v2\/comments?post=1159731"}],"version-history":[{"count":0,"href":"https:\/\/www.europesays.com\/fr\/wp-json\/wp\/v2\/posts\/1159731\/revisions"}],"wp:featuredmedia":[{"embeddable":true,"href":"https:\/\/www.europesays.com\/fr\/wp-json\/wp\/v2\/media\/1159732"}],"wp:attachment":[{"href":"https:\/\/www.europesays.com\/fr\/wp-json\/wp\/v2\/media?parent=1159731"}],"wp:term":[{"taxonomy":"category","embeddable":true,"href":"https:\/\/www.europesays.com\/fr\/wp-json\/wp\/v2\/categories?post=1159731"},{"taxonomy":"post_tag","embeddable":true,"href":"https:\/\/www.europesays.com\/fr\/wp-json\/wp\/v2\/tags?post=1159731"}],"curies":[{"name":"wp","href":"https:\/\/api.w.org\/{rel}","templated":true}]}}