{"id":1159735,"date":"2026-08-31T19:47:24","date_gmt":"2026-08-31T19:47:24","guid":{"rendered":"https:\/\/www.europesays.com\/fr\/1159735\/"},"modified":"2026-08-31T19:47:24","modified_gmt":"2026-08-31T19:47:24","slug":"politique-en-1995-edouard-balladur-alertait-deja-sur-le-futur-de-la-pac-et-lelargissement-europeen","status":"publish","type":"post","link":"https:\/\/www.europesays.com\/fr\/1159735\/","title":{"rendered":"Politique | En 1995, \u00c9douard Balladur alertait d\u00e9j\u00e0 sur le futur de la PAC et l\u2019\u00e9largissement europ\u00e9en"},"content":{"rendered":"<p>Il y a des interviews qui prennent une autre dimension avec le temps. Celle accord\u00e9e par \u00c9douard Balladur \u00e0\u00a0<a href=\"https:\/\/www.vie-publique.fr\/discours\/218952-edouard-balladur-12011995-elargissement-de-l-ue-pac\" target=\"_blank\" rel=\"noopener nofollow\">Agra Presse<\/a>\u00a0le 12 janvier 1995 en fait partie.<\/p>\n<p>\u00c0 quelques mois de son d\u00e9part de Matignon et quelques jours seulement apr\u00e8s l&rsquo;adoption par le S\u00e9nat du projet de loi de modernisation de l&rsquo;agriculture, le Premier ministre est interrog\u00e9 sur l&rsquo;un des grands dossiers qui se profile alors pour l&rsquo;Europe : l&rsquo;\u00e9largissement aux pays d&rsquo;Europe centrale et orientale. La question agricole est \u00e9videmment au c\u0153ur du sujet.<\/p>\n<p><strong>L&rsquo;\u00e9largissement, mais pas au d\u00e9triment de la PAC<\/strong><\/p>\n<p>\u00c0 l&rsquo;\u00e9poque, les pays d&rsquo;Europe centrale et orientale sortis du bloc sovi\u00e9tique ont vocation \u00e0 rejoindre l&rsquo;Union europ\u00e9enne. Pour l&rsquo;agriculture des Quinze, la perspective est consid\u00e9rable.<\/p>\n","protected":false},"excerpt":{"rendered":"Il y a des interviews qui prennent une autre dimension avec le temps. Celle accord\u00e9e par \u00c9douard Balladur&hellip;\n","protected":false},"author":2,"featured_media":1159736,"comment_status":"","ping_status":"","sticky":false,"template":"","format":"standard","meta":{"footnotes":"","_share_on_mastodon":"0"},"categories":[1586],"tags":[11,1777,674,1779,1011,27,12,25,1778,364],"class_list":["post-1159735","post","type-post","status-publish","format-standard","has-post-thumbnail","category-europe","tag-actualites","tag-eu","tag-europe","tag-european-union","tag-fr","tag-france","tag-news","tag-republique-francaise","tag-ue","tag-union-europeenne"],"share_on_mastodon":{"url":"https:\/\/pubeurope.com\/@fr\/117191851759263550","error":""},"_links":{"self":[{"href":"https:\/\/www.europesays.com\/fr\/wp-json\/wp\/v2\/posts\/1159735","targetHints":{"allow":["GET"]}}],"collection":[{"href":"https:\/\/www.europesays.com\/fr\/wp-json\/wp\/v2\/posts"}],"about":[{"href":"https:\/\/www.europesays.com\/fr\/wp-json\/wp\/v2\/types\/post"}],"author":[{"embeddable":true,"href":"https:\/\/www.europesays.com\/fr\/wp-json\/wp\/v2\/users\/2"}],"replies":[{"embeddable":true,"href":"https:\/\/www.europesays.com\/fr\/wp-json\/wp\/v2\/comments?post=1159735"}],"version-history":[{"count":0,"href":"https:\/\/www.europesays.com\/fr\/wp-json\/wp\/v2\/posts\/1159735\/revisions"}],"wp:featuredmedia":[{"embeddable":true,"href":"https:\/\/www.europesays.com\/fr\/wp-json\/wp\/v2\/media\/1159736"}],"wp:attachment":[{"href":"https:\/\/www.europesays.com\/fr\/wp-json\/wp\/v2\/media?parent=1159735"}],"wp:term":[{"taxonomy":"category","embeddable":true,"href":"https:\/\/www.europesays.com\/fr\/wp-json\/wp\/v2\/categories?post=1159735"},{"taxonomy":"post_tag","embeddable":true,"href":"https:\/\/www.europesays.com\/fr\/wp-json\/wp\/v2\/tags?post=1159735"}],"curies":[{"name":"wp","href":"https:\/\/api.w.org\/{rel}","templated":true}]}}