{"id":115975,"date":"2025-05-21T04:27:11","date_gmt":"2025-05-21T04:27:11","guid":{"rendered":"https:\/\/www.europesays.com\/fr\/115975\/"},"modified":"2025-05-21T04:27:11","modified_gmt":"2025-05-21T04:27:11","slug":"le-message-de-paul-belmondo-a-ceux-qui-lui-ont-tourne-le-dos-apres-son-divorce-houleux-avec-luana","status":"publish","type":"post","link":"https:\/\/www.europesays.com\/fr\/115975\/","title":{"rendered":"Le message de Paul Belmondo a ceux qui lui ont tourn\u00e9 le dos apr\u00e8s son divorce houleux avec Luana"},"content":{"rendered":"<p>S&rsquo;il a fait quelques passages devant la cam\u00e9ra plus jeune (Itin\u00e9raire d&rsquo;un enfant g\u00e2t\u00e9 et Les Mis\u00e9rables de <a href=\"https:\/\/www.programme-tv.net\/biographie\/2987-lelouch-claude\/\" data-link-people=\"003cf37a-67a1-4650-a9be-5137aef3361d\" target=\"_blank\" rel=\"noopener\">Claude Lelouch<\/a>), c&rsquo;est en Formule 1 que Paul Belmondo avait d\u00e9cid\u00e9 de faire carri\u00e8re en tant que pilote. Pass\u00e9 \u00e9galement par le th\u00e9\u00e2tre et le journalisme, il fait un retour sur petit \u00e9cran cette fois, <a href=\"https:\/\/www.programme-tv.net\/news\/series-tv\/373928-exclu-demain-nous-appartient-paul-belmondo-rejoint-le-feuilleton-de-tf1-decouvrez-les-premieres-infos-sur-son-personnage\/\" data-api-deeplink=\"teleloisirs:\/\/news\/373928\" target=\"_blank\" rel=\"noopener\">en rejoignant le casting de la s\u00e9rie \u00e0 succ\u00e8s de TF1 Demain nous appartient<\/a>. Dans les colonnes de Point de vue, mardi 20 mai 2025, le fils du l\u00e9gendaire <a href=\"https:\/\/www.programme-tv.net\/biographie\/3485-belmondo-jean-paul\/\" data-link-people=\"db494435-26fb-48dc-8151-9466e7932e6e\" target=\"_blank\" rel=\"noopener\">Jean-Paul Belmondo<\/a> s&rsquo;est confi\u00e9 sur cette nouvelle aventure, mais est aussi revenu sur l&rsquo;actualit\u00e9 qui le met sous le feu des projecteurs depuis quelques mois. Car<a href=\"https:\/\/www.programme-tv.net\/news\/people\/356505-jai-jamais-eu-lintention-de-paul-belmondo-separe-de-luana-fait-une-mise-au-point-pour-enrayer-les-rumeurs\/\" data-api-deeplink=\"teleloisirs:\/\/news\/356505\" target=\"_blank\" rel=\"noopener\"> en 2024, il a divorc\u00e9 de Luana Belmondo, son \u00e9pouse depuis 34 ans<\/a> et la m\u00e8re de ses trois fils. Une s\u00e9paration bien trop m\u00e9diatis\u00e9e \u00e0 son go\u00fbt.<\/p>\n<p>Jean-Paul Belmondo souhaitait que son fils Paul fasse du cin\u00e9ma<\/p>\n<p>C&rsquo;est dans la peau d&rsquo;Henri Julliard que le fils de L&rsquo;As des as fait son arriv\u00e9e dans la s\u00e9rie de TF1. \u00ab\u00a0Au-del\u00e0 de la double lecture de mon personnage que je trouve tr\u00e8s int\u00e9ressante, il y a cette exp\u00e9rience du format quotidien que je ne connaissais pas. Comme je suis curieux de nature, j\u2019ai voulu me confronter \u00e0 l\u2019exercice. Le dispositif est impressionnant tout comme le niveau des com\u00e9diens. J\u2019ai \u00e9t\u00e9 tr\u00e8s agr\u00e9ablement surpris\u00a0\u00bb, a-t-il confi\u00e9. Ce virus de l&rsquo;\u00e9cran et de la com\u00e9die, il avoue sans surprise le tenir de son p\u00e8re, lequel l&#8217;emmenait sur les plateaux de tournage et lui a r\u00e9p\u00e9t\u00e9 \u00ab\u00a0pendant quarante ans, \u00e0 dose hom\u00e9opathique : &lsquo;Pourquoi t\u2019es pas com\u00e9dien ? Arr\u00eate tes c***'\u00a0\u00bb. De ce p\u00e8re, d\u00e9c\u00e9d\u00e9 en 2021, il admire toujours \u00ab\u00a0la d\u00e9termination, sa volont\u00e9 de travail, cette simplicit\u00e9 et cette d\u00e9contraction qu\u2019il avait \u00e0 tout moment. Il pouvait donner l\u2019impression d\u2019\u00eatre en dilettante, alors qu\u2019il travaillait \u00e9norm\u00e9ment\u00a0\u00bb. Aujourd&rsquo;hui, <a href=\"https:\/\/www.programme-tv.net\/news\/cinema\/259038-paul-belmondo-qui-sont-ses-trois-enfants-photos\/\" data-api-deeplink=\"teleloisirs:\/\/news\/259038\" target=\"_blank\" rel=\"noopener\">p\u00e8re de trois enfants lui-m\u00eame<\/a>, il aspire \u00e0 transmettre les valeurs qu&rsquo;il a re\u00e7ues du sien et tient \u00e0 ce qu&rsquo;ils \u00ab\u00a0cultivent le sens de la famille\u00a0\u00bb.<\/p>\n<p>                        Paul Belmondo r\u00e9v\u00e8le avoir \u00ab\u00a0mal v\u00e9cu\u00a0\u00bb la m\u00e9diatisation de son divorce avec Luana<\/p>\n<p>Car la famille pour Paul Belmondo, c&rsquo;est primordial. Si bien que lorsque son divorce a \u00e9t\u00e9 \u00e9tal\u00e9 en place publique, il admet l&rsquo;avoir \u00ab\u00a0mal v\u00e9cu\u00a0\u00bb. \u00ab\u00a0Ce sont des sujets qui doivent rester dans la sph\u00e8re priv\u00e9e parce que c\u2019est assez difficile \u00e0 vivre pour toute la famille. C\u2019est la raison pour laquelle je n\u2019aime pas en parler. Mes enfants et mes proches connaissent l\u2019histoire, ils savent comment les choses se sont pass\u00e9es. Cela ne regarde personne d\u2019autre. [\u2026] On n\u2019est pas le premier couple \u00e0 divorcer, on ne sera pas le dernier. Malheureusement, quand on est connu, certains profitent de ces situations, inventent des histoires\u2026 tout \u00e7a manque cruellement de dignit\u00e9\u00a0\u00bb, lance-t-il. Mais quelques mois apr\u00e8s cette annonce qui a fait l&rsquo;effet d&rsquo;une bombe, il dit avoir \u00ab\u00a0pris le recul n\u00e9cessaire pour [se] prot\u00e9ger\u00a0\u00bb. [\u2026] \u00ab\u00a0J\u2019ai la chance d\u2019avoir de beaux enfants, de mener une vie incroyable. Quand je regarde autour de moi, j\u2019ai conscience que ceux qui, par exemple, ne savent pas comment nourrir leur famille, vivent des choses autrement plus graves que moi. Alors, certes, mon ego en a pris un coup mais en d\u00e9finitive, ce n\u2019est rien du tout\u00a0\u00bb. D&rsquo;autant que dans cette \u00e9preuve, l&rsquo;acteur a \u00e9t\u00e9 bien entour\u00e9. \u00ab\u00a0J\u2019ai le m\u00eame noyau d\u2019amis depuis l\u2019\u00e9cole. Sans surprise, ils ont \u00e9t\u00e9 pr\u00e9sents. Et puis il y a ceux qu\u2019on n\u2019attend pas comme <a href=\"https:\/\/www.programme-tv.net\/biographie\/6091-brasseur-alexandre\/\" data-link-people=\"40ebf44f-a60a-4958-b1be-bd277a9a6c0e\" target=\"_blank\" rel=\"noopener\">Alexandre Brasseur<\/a>, par exemple, qui m\u2019a envoy\u00e9 un mot d\u2019une grande d\u00e9licatesse. D\u2019autres vous mettent le pied sur la t\u00eate. Je saurai m\u2019en souvenir. On a la rancune tenace chez les Belmondo !\u00a0\u00bb<\/p>\n","protected":false},"excerpt":{"rendered":"S&rsquo;il a fait quelques passages devant la cam\u00e9ra plus jeune (Itin\u00e9raire d&rsquo;un enfant g\u00e2t\u00e9 et Les Mis\u00e9rables de&hellip;\n","protected":false},"author":2,"featured_media":115976,"comment_status":"","ping_status":"","sticky":false,"template":"","format":"standard","meta":{"footnotes":""},"categories":[1359],"tags":[244,58,7681,59,1011,27,23633,23632,973,2175],"class_list":{"0":"post-115975","1":"post","2":"type-post","3":"status-publish","4":"format-standard","5":"has-post-thumbnail","7":"category-people","8":"tag-commentaire","9":"tag-divertissement","10":"tag-divorce","11":"tag-entertainment","12":"tag-fr","13":"tag-france","14":"tag-luana-belmondo","15":"tag-paul-belmondo","16":"tag-people","17":"tag-tl-story"},"share_on_mastodon":{"url":"https:\/\/pubeurope.com\/@fr\/114543935010512205","error":""},"_links":{"self":[{"href":"https:\/\/www.europesays.com\/fr\/wp-json\/wp\/v2\/posts\/115975","targetHints":{"allow":["GET"]}}],"collection":[{"href":"https:\/\/www.europesays.com\/fr\/wp-json\/wp\/v2\/posts"}],"about":[{"href":"https:\/\/www.europesays.com\/fr\/wp-json\/wp\/v2\/types\/post"}],"author":[{"embeddable":true,"href":"https:\/\/www.europesays.com\/fr\/wp-json\/wp\/v2\/users\/2"}],"replies":[{"embeddable":true,"href":"https:\/\/www.europesays.com\/fr\/wp-json\/wp\/v2\/comments?post=115975"}],"version-history":[{"count":0,"href":"https:\/\/www.europesays.com\/fr\/wp-json\/wp\/v2\/posts\/115975\/revisions"}],"wp:featuredmedia":[{"embeddable":true,"href":"https:\/\/www.europesays.com\/fr\/wp-json\/wp\/v2\/media\/115976"}],"wp:attachment":[{"href":"https:\/\/www.europesays.com\/fr\/wp-json\/wp\/v2\/media?parent=115975"}],"wp:term":[{"taxonomy":"category","embeddable":true,"href":"https:\/\/www.europesays.com\/fr\/wp-json\/wp\/v2\/categories?post=115975"},{"taxonomy":"post_tag","embeddable":true,"href":"https:\/\/www.europesays.com\/fr\/wp-json\/wp\/v2\/tags?post=115975"}],"curies":[{"name":"wp","href":"https:\/\/api.w.org\/{rel}","templated":true}]}}