{"id":1159764,"date":"2026-08-31T20:11:20","date_gmt":"2026-08-31T20:11:20","guid":{"rendered":"https:\/\/www.europesays.com\/fr\/1159764\/"},"modified":"2026-08-31T20:11:20","modified_gmt":"2026-08-31T20:11:20","slug":"en-direct-ligue-2-suivez-dijon","status":"publish","type":"post","link":"https:\/\/www.europesays.com\/fr\/1159764\/","title":{"rendered":"En direct Ligue 2. Suivez Dijon"},"content":{"rendered":"<p>&#13;<br \/>\n                                                    En direct&#13;<br \/>\n                        &#13;\n                                            <\/p>\n<p>Les St\u00e9phanois se d\u00e9placent \u00e0 Dijon ce lundi soir, un horaire auquel ils ne sont plus habitu\u00e9s. Mais la programmation ne devrait pas les freiner dans leur volont\u00e9 de poursuivre cette s\u00e9rie de trois victoires.\u00a0Irvin Cardona, deuxi\u00e8me meilleur buteur du championnat, et ses comparses pourraient d\u00e9j\u00e0 creuser l&rsquo;\u00e9cart sur leurs poursuivants s&rsquo;ils ram\u00e8nent les trois points de C\u00f4te d&rsquo;Or.<\/p>\n<p>&#13;<br \/>\n              K.C.-F. &#8211; &#13;<br \/>\n        &#13;<br \/>\n          Aujourd&rsquo;hui \u00e0 20:00&#13;<br \/>\n    &#13;<br \/>\n                  | mis \u00e0 jour aujourd&rsquo;hui \u00e0 22:05&#13;<br \/>\n              &#8211; Temps de lecture : &#13;<br \/>\n  &#13;\n<\/p>\n<p>                        &#13;<br \/>\n    &#13;<br \/>\n    &#13;<br \/>\n    <a href=\"https:\/\/cdn-s-www.leprogres.fr\/images\/24FE1C9E-BA59-4B63-A8CD-ED8A2041D458\/NW_raw\/photo-sonia-barcet-1788198683.jpg\" title=\"Photo Sonia Barcet\" class=\"chocolat-image GA-tracking\" data-ga_type=\"click\" data-ga_category=\"D\u00e9tail\" data-ga_action=\"zoomer\" data-ga_label=\"aggrandir image\" rel=\"nofollow noopener\" target=\"_blank\">&#13;<br \/>\n        <img src=\"https:\/\/www.europesays.com\/fr\/wp-content\/uploads\/2026\/08\/photo-sonia-barcet-1788198683.jpg\"   alt=\"Photo Sonia Barcet\" fetchpriority=\"high\" decoding=\"async\" data-mobile=\"NW_detail_M|1788198683\" data-base=\"NW_detail|1788198683\"\/>&#13;<br \/>\n    <\/a>&#13;<\/p>\n<p>Photo Sonia Barcet<\/p>\n","protected":false},"excerpt":{"rendered":"&#13; En direct&#13; &#13; Les St\u00e9phanois se d\u00e9placent \u00e0 Dijon ce lundi soir, un horaire auquel ils ne&hellip;\n","protected":false},"author":2,"featured_media":1159765,"comment_status":"","ping_status":"","sticky":false,"template":"","format":"standard","meta":{"footnotes":"","_share_on_mastodon":"0"},"categories":[9],"tags":[4000,3545,7539,107,1701,63,1011,27,4002,3367,4001,7538,517,60],"class_list":["post-1159764","post","type-post","status-publish","format-standard","has-post-thumbnail","category-sports","tag-asse-as-saint-etienne-football","tag-direct-sport","tag-edition-loire-sud","tag-fil-info","tag-fil-info-sport","tag-football","tag-fr","tag-france","tag-haute-loire","tag-loire","tag-saint-etienne","tag-saint-etienne-ville","tag-sport","tag-sports"],"share_on_mastodon":{"url":"https:\/\/pubeurope.com\/@fr\/117191947767920526","error":""},"_links":{"self":[{"href":"https:\/\/www.europesays.com\/fr\/wp-json\/wp\/v2\/posts\/1159764","targetHints":{"allow":["GET"]}}],"collection":[{"href":"https:\/\/www.europesays.com\/fr\/wp-json\/wp\/v2\/posts"}],"about":[{"href":"https:\/\/www.europesays.com\/fr\/wp-json\/wp\/v2\/types\/post"}],"author":[{"embeddable":true,"href":"https:\/\/www.europesays.com\/fr\/wp-json\/wp\/v2\/users\/2"}],"replies":[{"embeddable":true,"href":"https:\/\/www.europesays.com\/fr\/wp-json\/wp\/v2\/comments?post=1159764"}],"version-history":[{"count":0,"href":"https:\/\/www.europesays.com\/fr\/wp-json\/wp\/v2\/posts\/1159764\/revisions"}],"wp:featuredmedia":[{"embeddable":true,"href":"https:\/\/www.europesays.com\/fr\/wp-json\/wp\/v2\/media\/1159765"}],"wp:attachment":[{"href":"https:\/\/www.europesays.com\/fr\/wp-json\/wp\/v2\/media?parent=1159764"}],"wp:term":[{"taxonomy":"category","embeddable":true,"href":"https:\/\/www.europesays.com\/fr\/wp-json\/wp\/v2\/categories?post=1159764"},{"taxonomy":"post_tag","embeddable":true,"href":"https:\/\/www.europesays.com\/fr\/wp-json\/wp\/v2\/tags?post=1159764"}],"curies":[{"name":"wp","href":"https:\/\/api.w.org\/{rel}","templated":true}]}}