{"id":1159769,"date":"2026-08-31T20:14:27","date_gmt":"2026-08-31T20:14:27","guid":{"rendered":"https:\/\/www.europesays.com\/fr\/1159769\/"},"modified":"2026-08-31T20:14:27","modified_gmt":"2026-08-31T20:14:27","slug":"la-bourse-de-paris-plie-sous-le-poids-de-la-hausse-des-prix-de-lenergie-31-08-2026-a-1855","status":"publish","type":"post","link":"https:\/\/www.europesays.com\/fr\/1159769\/","title":{"rendered":"La Bourse de Paris plie sous le poids de la hausse des prix de l&rsquo;\u00e9nergie &#8211; 31\/08\/2026 \u00e0 18:55"},"content":{"rendered":"<p>        <img decoding=\"async\" src=\"https:\/\/www.europesays.com\/fr\/wp-content\/uploads\/2026\/01\/451abcaa728713a18b0a36d29c635040-760x454.jpg\" alt=\"La salle de contr\u00f4le d'Euronext, soci\u00e9t\u00e9 qui g\u00e8re la Bourse de Paris ( AFP \/ ERIC PIERMONT )\" loading=\"eager\" fetchpriority=\"high\" width=\"760\" height=\"454\" style=\"max-width: 100%!important; height: auto;\"\/><\/p>\n<p class=\"c-image-news__legend\">La salle de contr\u00f4le d&rsquo;Euronext, soci\u00e9t\u00e9 qui g\u00e8re la Bourse de Paris ( AFP \/ ERIC PIERMONT )<\/p>\n<p>\n La Bourse de Paris a termin\u00e9 dans le rouge lundi, lest\u00e9e par la hausse des co\u00fbts de l&rsquo;energie apr\u00e8s la reprise des hostilit\u00e9s au Moyen-Orient, avec des frappes \u00e9chang\u00e9es entre les Etats-Unis et l&rsquo;Iran.\n<\/p>\n<p>\n L&rsquo;indice vedette CAC 40 a termin\u00e9 en baisse de 0,79% \u00e0 8.334,50 points. Vendredi, le CAC 40 avait cl\u00f4tur\u00e9 en hausse de 0,98%, \u00e0 8.401,18 points.\n<\/p>\n<p>\n Les investisseurs doivent faire face \u00ab\u00a0\u00e0 la reprise des frappes a\u00e9riennes entre les \u00c9tats-Unis et l&rsquo;Iran, \u00e0 la hausse des prix du p\u00e9trole et au regain des anticipations d&rsquo;une hausse des taux de la R\u00e9serve f\u00e9d\u00e9rale d\u00e8s le mois de septembre\u00a0\u00bb, souligne Kathleen Brooks, directrice de la recherche chez XTB.\n<\/p>\n<p>\n Apr\u00e8s un mois d&rsquo;accalmie et l&rsquo;accent mis par Washington sur la \u00ab\u00a0guerre \u00e9conomique\u00a0\u00bb, les affrontements ont repris entre l&rsquo;Iran et les Etats-Unis, Donald Trump mena\u00e7ant lundi de \u00ab\u00a0frapper fort\u00a0\u00bb le camp adverse.\n<\/p>\n<p>\n Pour la premi\u00e8re fois depuis fin juillet, les forces am\u00e9ricaines ont annonc\u00e9 des bombardements contre \u00ab\u00a0deux lanceurs iraniens (de roquettes) sur l&rsquo;\u00eele de Larak\u00a0\u00bb, situ\u00e9e dans le strat\u00e9gique d\u00e9troit d&rsquo;Ormuz.\n<\/p>\n<p>\n Avec la reprise des hostilit\u00e9s, le Brent de la mer du Nord, r\u00e9f\u00e9rence mondiale du p\u00e9trole, \u00e9volue d\u00e9sormais autour des 90 dollars le baril.\n<\/p>\n<p>\n Cette augmentation des prix combin\u00e9e \u00e0 une hausse des anticipations du march\u00e9 \u00ab\u00a0d&rsquo;une augmentation des taux en septembre, att\u00e9nue l&rsquo;app\u00e9tit pour le risque\u00a0\u00bb \u00e0 la fin du mois d&rsquo;ao\u00fbt\u00a0\u00bb, explique Kathleen Brooks.\n<\/p>\n<p>\n D&rsquo;autant que les \u00e9conomies europ\u00e9ennes restent de grandes importatrices d&rsquo;hydrocarbures, et sont donc particuli\u00e8rement sensibles \u00e0 l&rsquo;augmentation des prix.\n<\/p>\n<p>\n C\u00f4t\u00e9 valeurs, Stanislas de Bailliencourt, g\u00e9rant d&rsquo;actifs pour le compte de la soci\u00e9t\u00e9 Sycomore, note aupr\u00e8s de l&rsquo;AFP une reprise des banques \u00ab\u00a0par effet de rattrapage apr\u00e8s une sous performance la semaine derni\u00e8re\u00a0\u00bb.\n<\/p>\n<p>\n Soci\u00e9t\u00e9 G\u00e9n\u00e9rale s&rsquo;est maintenue, prenant 0,41% \u00e0 72,65 euros, Cr\u00e9dit Agricole gagnant 0,41% \u00e0 18,52 euros et BNP Paribas 0,21% \u00e0 102,78 euros.\n<\/p>\n<p> Les taux au plus haut<\/p>\n<p>\n Le rendement de l&#8217;emprunt fran\u00e7ais \u00e0 \u00e9ch\u00e9ance 10 ans atteignait quasiment 4,18%, un plus haut niveau depuis 2008, contre 4,12% \u00e0 la cl\u00f4ture vendredi, alors que le gouvernement fran\u00e7ais se r\u00e9unit en s\u00e9minaire pour pr\u00e9parer un budget sur fond de dette \u00e0 117% du PIB.\n<\/p>\n<p>\n Vendredi, l&rsquo;agence Fitch Ratings avait maintenu la note de la dette souveraine de la France \u00e0 A+ avec une perspective toujours stable, ce qui signifie qu&rsquo;elle n&rsquo;envisage pas de la modifier \u00e0 court ou moyen terme malgr\u00e9 des estimations de d\u00e9ficit public plus \u00e9lev\u00e9es.\n<\/p>\n<p>\n Euronext CAC40<\/p>\n","protected":false},"excerpt":{"rendered":"La salle de contr\u00f4le d&rsquo;Euronext, soci\u00e9t\u00e9 qui g\u00e8re la Bourse de Paris ( AFP \/ ERIC PIERMONT )&hellip;\n","protected":false},"author":2,"featured_media":636737,"comment_status":"","ping_status":"","sticky":false,"template":"","format":"standard","meta":{"footnotes":"","_share_on_mastodon":"0"},"categories":[6],"tags":[400,398,408,35,405,33,34,1011,27,403,402,399,404,401,406,407],"class_list":["post-1159769","post","type-post","status-publish","format-standard","has-post-thumbnail","category-economie","tag-action-cac-40","tag-bourse-de-paris","tag-boursorama","tag-business","tag-cotations","tag-economie","tag-economy","tag-fr","tag-france","tag-indices-devises","tag-investir","tag-investissement","tag-marche-boursier","tag-sicav","tag-trackers","tag-warrants"],"share_on_mastodon":{"url":"https:\/\/pubeurope.com\/@fr\/117191959672095464","error":""},"_links":{"self":[{"href":"https:\/\/www.europesays.com\/fr\/wp-json\/wp\/v2\/posts\/1159769","targetHints":{"allow":["GET"]}}],"collection":[{"href":"https:\/\/www.europesays.com\/fr\/wp-json\/wp\/v2\/posts"}],"about":[{"href":"https:\/\/www.europesays.com\/fr\/wp-json\/wp\/v2\/types\/post"}],"author":[{"embeddable":true,"href":"https:\/\/www.europesays.com\/fr\/wp-json\/wp\/v2\/users\/2"}],"replies":[{"embeddable":true,"href":"https:\/\/www.europesays.com\/fr\/wp-json\/wp\/v2\/comments?post=1159769"}],"version-history":[{"count":0,"href":"https:\/\/www.europesays.com\/fr\/wp-json\/wp\/v2\/posts\/1159769\/revisions"}],"wp:featuredmedia":[{"embeddable":true,"href":"https:\/\/www.europesays.com\/fr\/wp-json\/wp\/v2\/media\/636737"}],"wp:attachment":[{"href":"https:\/\/www.europesays.com\/fr\/wp-json\/wp\/v2\/media?parent=1159769"}],"wp:term":[{"taxonomy":"category","embeddable":true,"href":"https:\/\/www.europesays.com\/fr\/wp-json\/wp\/v2\/categories?post=1159769"},{"taxonomy":"post_tag","embeddable":true,"href":"https:\/\/www.europesays.com\/fr\/wp-json\/wp\/v2\/tags?post=1159769"}],"curies":[{"name":"wp","href":"https:\/\/api.w.org\/{rel}","templated":true}]}}