{"id":115977,"date":"2025-05-21T04:29:12","date_gmt":"2025-05-21T04:29:12","guid":{"rendered":"https:\/\/www.europesays.com\/fr\/115977\/"},"modified":"2025-05-21T04:29:12","modified_gmt":"2025-05-21T04:29:12","slug":"heart-lamp-de-lautrice-indienne-banu-mushtaq-remporte-le-booker-prize-international","status":"publish","type":"post","link":"https:\/\/www.europesays.com\/fr\/115977\/","title":{"rendered":"\u00abHeart Lamp\u00bb de l&rsquo;autrice indienne Banu Mushtaq remporte le Booker Prize international"},"content":{"rendered":"<p>L&rsquo;\u00e9crivaine et activiste indienne pour les droits des femmes Banu Mushtaq a re\u00e7u mardi soir la version internationale du Booker Prize pour son recueil de nouvelles Heart Lamp. Ecrit en kannada, la langue r\u00e9gionale du sud de ce pays, ce livre dresse le portrait de plusieurs femmes musulmanes en proie \u00e0 des tensions familiales et communautaires. Ces nouvelles avaient initialement \u00e9t\u00e9 publi\u00e9es entre 1990 et 2023.<\/p>\n<p>C&rsquo;est le premier livre en kannada \u00e0 obtenir cette r\u00e9compense, d\u00e9cern\u00e9e lors d&rsquo;une c\u00e9r\u00e9monie \u00e0 Londres mardi soir et dot\u00e9e de de 50 000 livres sterling (plus de 59 000 euros) \u00e0 partager entre l&rsquo;autrice et la traductrice Deepa Bhasthi.<\/p>\n<p>Selon les organisateurs du prix, le livre a suscit\u00e9 la censure des milieux conservateurs en Inde et a \u00e9t\u00e9 boud\u00e9 par les principaux prix litt\u00e9raires du pays.<\/p>\n<p>\u00abQuelque chose de vraiment nouveau pour les lecteurs anglophones\u00bb<\/p>\n<p>\u00abJ&rsquo;accepte ce grand honneur non pas en tant qu&rsquo;individu, mais en tant que voix qui s&rsquo;\u00e9l\u00e8ve avec tant d&rsquo;autres\u00bb, a d\u00e9clar\u00e9 l&rsquo;autrice au moment de recevoir son prix, d\u00e9crivant ce moment comme \u00abincroyable\u00bb.<\/p>\n<p>Le pr\u00e9sident du jury Max Porter a d\u00e9crit le livre comme \u00abquelque chose de vraiment nouveau pour les lecteurs anglophones (&#8230;) de belles histoires pleines de vie\u00bb.<\/p>\n<p>Peu avant l&rsquo;annonce du laur\u00e9at, il a rendu hommage aux \u00ablivres qui d\u00e9fient le pouvoir du Soudan \u00e0 l&rsquo;Ukraine, en passant par la Chine, l&rsquo;Erythr\u00e9e, l&rsquo;Iran, la Turquie, partout\u00bb.<\/p>\n<p>Le Booker Prize international est un prix litt\u00e9raire r\u00e9compensant des \u00e9crivains de fiction. Il \u00e9tait \u00e0 l&rsquo;origine bisannuel, mais est attribu\u00e9 depuis 2016 sur une base annuelle. L&rsquo;ann\u00e9e derni\u00e8re le Booker prize international avait \u00e9t\u00e9 remport\u00e9 par le roman allemand Kairos de Jenny Erpenbeck, traduit par Michael Hofmann.<\/p>\n<p>Le Booker Prize 2024: <a href=\"https:\/\/www.letemps.ch\/articles\/orbital-de-samantha-harvey-est-une-ode-a-la-beaute-stupefiante-de-la-terre\" rel=\"nofollow noopener\" target=\"_blank\">\u00abOrbital\u00bb, de Samantha Harvey, est une ode \u00e0 la beaut\u00e9 stup\u00e9fiante de la Terre<\/a>  <\/p>\n","protected":false},"excerpt":{"rendered":"L&rsquo;\u00e9crivaine et activiste indienne pour les droits des femmes Banu Mushtaq a re\u00e7u mardi soir la version internationale&hellip;\n","protected":false},"author":2,"featured_media":115978,"comment_status":"","ping_status":"","sticky":false,"template":"","format":"standard","meta":{"footnotes":""},"categories":[1357],"tags":[1379,58,59,1011,27,4438,1351,1380,473],"class_list":{"0":"post-115977","1":"post","2":"type-post","3":"status-publish","4":"format-standard","5":"has-post-thumbnail","7":"category-livres","8":"tag-books","9":"tag-divertissement","10":"tag-entertainment","11":"tag-fr","12":"tag-france","13":"tag-free","14":"tag-litterature","15":"tag-livres","16":"tag-royaume-uni"},"share_on_mastodon":{"url":"https:\/\/pubeurope.com\/@fr\/114543942962154818","error":""},"_links":{"self":[{"href":"https:\/\/www.europesays.com\/fr\/wp-json\/wp\/v2\/posts\/115977","targetHints":{"allow":["GET"]}}],"collection":[{"href":"https:\/\/www.europesays.com\/fr\/wp-json\/wp\/v2\/posts"}],"about":[{"href":"https:\/\/www.europesays.com\/fr\/wp-json\/wp\/v2\/types\/post"}],"author":[{"embeddable":true,"href":"https:\/\/www.europesays.com\/fr\/wp-json\/wp\/v2\/users\/2"}],"replies":[{"embeddable":true,"href":"https:\/\/www.europesays.com\/fr\/wp-json\/wp\/v2\/comments?post=115977"}],"version-history":[{"count":0,"href":"https:\/\/www.europesays.com\/fr\/wp-json\/wp\/v2\/posts\/115977\/revisions"}],"wp:featuredmedia":[{"embeddable":true,"href":"https:\/\/www.europesays.com\/fr\/wp-json\/wp\/v2\/media\/115978"}],"wp:attachment":[{"href":"https:\/\/www.europesays.com\/fr\/wp-json\/wp\/v2\/media?parent=115977"}],"wp:term":[{"taxonomy":"category","embeddable":true,"href":"https:\/\/www.europesays.com\/fr\/wp-json\/wp\/v2\/categories?post=115977"},{"taxonomy":"post_tag","embeddable":true,"href":"https:\/\/www.europesays.com\/fr\/wp-json\/wp\/v2\/tags?post=115977"}],"curies":[{"name":"wp","href":"https:\/\/api.w.org\/{rel}","templated":true}]}}