{"id":1159772,"date":"2026-08-31T20:16:31","date_gmt":"2026-08-31T20:16:31","guid":{"rendered":"https:\/\/www.europesays.com\/fr\/1159772\/"},"modified":"2026-08-31T20:16:31","modified_gmt":"2026-08-31T20:16:31","slug":"un-tchetchene-implique-dans-lassassinat-de-samuel-paty-de-nouveau-condamne","status":"publish","type":"post","link":"https:\/\/www.europesays.com\/fr\/1159772\/","title":{"rendered":"Un Tch\u00e9tch\u00e8ne impliqu\u00e9 dans l&rsquo;assassinat de Samuel Paty de nouveau condamn\u00e9"},"content":{"rendered":"<p>\n    Azim Epsirkhanov, condamn\u00e9 pour avoir fourni le couteau \u00e0 l\u2019assassin de Samuel Paty en mars dernier, a de nouveau \u00e9t\u00e9 condamn\u00e9 \u00e0 un an de prison lundi pour s\u2019\u00eatre rendu au Parc Ast\u00e9rix \u00e0 Plailly en violation de son assignation \u00e0 r\u00e9sidence.<\/p>\n<p class=\"fig-paragraph\">Un Tch\u00e9tch\u00e8ne d\u00e9j\u00e0 condamn\u00e9 pour avoir fourni le couteau \u00e0 l&rsquo;assassin de\u00a0<a href=\"http:\/\/www.lefigaro.fr\/politique\/vous-aviez-six-ans-pour-le-faire-a-roubaix-le-maire-lfi-david-guiraud-refuse-de-donner-le-nom-de-samuel-paty-a-une-ecole-20260627\" data-fig-type=\"Article\" data-gtm-custom-categorie=\"navigation\" data-gtm-custom-action=\"crossclick\" data-gtm-custom-label=\"Contextuel\" data-gtm-event=\"customEventSPE\" data-fig-domain=\"LEFIGARO\" rel=\"nofollow noopener\" target=\"_blank\">Samuel Paty<\/a>\u00a0a \u00e9t\u00e9 de nouveau condamn\u00e9 \u00e0 de la prison ferme lundi dans l&rsquo;Oise pour non-respect de son\u00a0<a href=\"http:\/\/www.lefigaro.fr\/international\/norvege-le-fils-de-la-reine-autorise-a-quitter-son-assignation-a-residence-pour-les-obseques-du-roi-harald-20260831\" data-fig-type=\"NewsFlash\" data-gtm-custom-categorie=\"navigation\" data-gtm-custom-action=\"crossclick\" data-gtm-custom-label=\"Contextuel\" data-gtm-event=\"customEventSPE\" data-fig-domain=\"LEFIGARO\" rel=\"nofollow noopener\" target=\"_blank\">assignation \u00e0 r\u00e9sidence<\/a>. Le tribunal de Senlis a condamn\u00e9 en comparution imm\u00e9diate Azim Epsirkhanov, 25 ans, originaire de Tch\u00e9tch\u00e9nie, \u00e0 un an de prison pour s&rsquo;\u00eatre rendu au Parc Ast\u00e9rix \u00e0 Plailly (Oise) en violation de son assignation \u00e0 r\u00e9sidence.<\/p>\n<p class=\"fig-paragraph\">L&rsquo;homme, qui avait fourni \u00e0 Abdoullakh Anzorov le couteau qui allait servir pour d\u00e9capiter le professeur d&rsquo;histoire le 16 octobre 2020, a d\u00e9j\u00e0 \u00e9t\u00e9 condamn\u00e9 en appel en mars 2026 \u00e0 sept ans de prison pour association de malfaiteurs. Assign\u00e9 \u00e0 r\u00e9sidence chez sa compagne dans les Hauts-de-Seine sur d\u00e9cision de la pr\u00e9fecture dans l&rsquo;attente de son expulsion du territoire fran\u00e7ais, il a \u00e9t\u00e9 contr\u00f4l\u00e9 vendredi vers 15h30 sur le parking du parc d&rsquo;attractions Ast\u00e9rix.<\/p>\n<p>                                            <a class=\"fig-a11y-skip\" href=\"#fig-a11y-skip-main-inarticle\" is=\"fig-a11y-skip\" data-trigger-mode=\"visible-once\"><br \/>\n    Passer la publicit\u00e9<br \/>\n<\/a>            <\/p>\n<p class=\"fig-paragraph\">Barbe taill\u00e9e court, tee-shirt blanc \u00e0 manches longues et mains jointes, le pr\u00e9venu a indiqu\u00e9 lundi qu&rsquo;il y a eu \u00abune incompr\u00e9hension, une mauvaise lecture de [s]a part\u00bb, concernant la d\u00e9cision pr\u00e9fectorale. Tenu de pointer deux fois par jour au commissariat de son lieu de r\u00e9sidence, il n&rsquo;avait pas compris, assure-t-il, qu&rsquo;il avait l&rsquo;interdiction de quitter le d\u00e9partement des Hauts-de-Seine.<\/p>\n<p>                                            \u00abJe n\u2019ai jamais cherch\u00e9 \u00e0 me soustraire \u00e0 cette mesure\u00bb<\/p>\n<p class=\"fig-paragraph\">\u00abJe n&rsquo;ai jamais cherch\u00e9 \u00e0 me soustraire \u00e0 cette mesure\u00bb, mart\u00e8le-t-il, assurant qu&rsquo;il aspire \u00ab\u00e0 reprendre une vie familiale et professionnelle\u00bb. Mais le parquet a fait valoir que le pr\u00e9venu a quitt\u00e9 le d\u00e9partement des Hauts-de-Seine \u00e0 huit reprises, \u00abm\u00eame la nuit\u00bb. \u00abCe qui nous inqui\u00e8te, au regard de la personnalit\u00e9 du pr\u00e9venu, c&rsquo;est de savoir ce qu&rsquo;il pouvait bien faire au parc Ast\u00e9rix\u00bb, a insist\u00e9 le substitut du procureur \u00e0 l&rsquo;audience, avant de rappeler le casier judiciaire du pr\u00e9venu.<\/p>\n<p class=\"fig-paragraph\">\u00abJ&rsquo;avais l&rsquo;espoir qu&rsquo;on allait traiter ce dossier comme n&rsquo;importe quel dossier de non-respect d&rsquo;assignation \u00e0 r\u00e9sidence\u00bb, s&rsquo;est agac\u00e9 Me Figen Aydin, en d\u00e9fense. Le pr\u00e9venu a toujours ni\u00e9 conna\u00eetre les funestes projets d&rsquo;Anzorov concernant Samuel Paty. Azim Epsirkhanov, condamn\u00e9 en premi\u00e8re instance \u00e0 16 ans d&#8217;emprisonnement pour complicit\u00e9 d&rsquo;assassinat terroriste en 2024 dans l&rsquo;assassinat de Samuel Paty, a vu sa peine revue \u00e0 la baisse et requalifi\u00e9e en mars 2026.<\/p>\n<p class=\"fig-paragraph\">Lib\u00e9r\u00e9 en avril 2026, il a d\u00e9pos\u00e9 une requ\u00eate aupr\u00e8s du tribunal administratif pour contester son obligation de quitter le territoire fran\u00e7ais (OQTF). \u00abLes Tch\u00e9tch\u00e8nes sont les premiers \u00e0 \u00eatre envoy\u00e9s au front en Ukraine\u00bb, a-t-il expliqu\u00e9. \u00abUn retour l\u00e0-bas serait un aller simple pour la mort.\u00bb<\/p>\n","protected":false},"excerpt":{"rendered":"Azim Epsirkhanov, condamn\u00e9 pour avoir fourni le couteau \u00e0 l\u2019assassin de Samuel Paty en mars dernier, a de&hellip;\n","protected":false},"author":2,"featured_media":1159773,"comment_status":"","ping_status":"","sticky":false,"template":"","format":"standard","meta":{"footnotes":"","_share_on_mastodon":"0"},"categories":[4],"tags":[11,1011,27,12,2694,25,35490],"class_list":["post-1159772","post","type-post","status-publish","format-standard","has-post-thumbnail","category-france","tag-actualites","tag-fr","tag-france","tag-news","tag-proces","tag-republique-francaise","tag-samuel-paty"],"share_on_mastodon":{"url":"https:\/\/pubeurope.com\/@fr\/117191965857774346","error":""},"_links":{"self":[{"href":"https:\/\/www.europesays.com\/fr\/wp-json\/wp\/v2\/posts\/1159772","targetHints":{"allow":["GET"]}}],"collection":[{"href":"https:\/\/www.europesays.com\/fr\/wp-json\/wp\/v2\/posts"}],"about":[{"href":"https:\/\/www.europesays.com\/fr\/wp-json\/wp\/v2\/types\/post"}],"author":[{"embeddable":true,"href":"https:\/\/www.europesays.com\/fr\/wp-json\/wp\/v2\/users\/2"}],"replies":[{"embeddable":true,"href":"https:\/\/www.europesays.com\/fr\/wp-json\/wp\/v2\/comments?post=1159772"}],"version-history":[{"count":0,"href":"https:\/\/www.europesays.com\/fr\/wp-json\/wp\/v2\/posts\/1159772\/revisions"}],"wp:featuredmedia":[{"embeddable":true,"href":"https:\/\/www.europesays.com\/fr\/wp-json\/wp\/v2\/media\/1159773"}],"wp:attachment":[{"href":"https:\/\/www.europesays.com\/fr\/wp-json\/wp\/v2\/media?parent=1159772"}],"wp:term":[{"taxonomy":"category","embeddable":true,"href":"https:\/\/www.europesays.com\/fr\/wp-json\/wp\/v2\/categories?post=1159772"},{"taxonomy":"post_tag","embeddable":true,"href":"https:\/\/www.europesays.com\/fr\/wp-json\/wp\/v2\/tags?post=1159772"}],"curies":[{"name":"wp","href":"https:\/\/api.w.org\/{rel}","templated":true}]}}