{"id":1159781,"date":"2026-08-31T20:25:20","date_gmt":"2026-08-31T20:25:20","guid":{"rendered":"https:\/\/www.europesays.com\/fr\/1159781\/"},"modified":"2026-08-31T20:25:20","modified_gmt":"2026-08-31T20:25:20","slug":"info-foot-national-nancy-va-recuperer-un-avant-centre-libre-de-tout-contrat","status":"publish","type":"post","link":"https:\/\/www.europesays.com\/fr\/1159781\/","title":{"rendered":"Info Foot-National : Nancy va r\u00e9cup\u00e9rer un avant-centre libre de tout contrat"},"content":{"rendered":"<p>L\u2019AS Nancy-Lorraine ne fait pas de bruit, mais r\u00e9alise un d\u00e9but de saison solide en Ligue 2. Avec sept points pris en quatre journ\u00e9es de championnat, l\u2019ASNL est dans le top 5, apr\u00e8s sa derni\u00e8re victoire en date obtenue aux d\u00e9pens de l\u2019USL Dunkerque vendredi dernier (2-0). Avant de se d\u00e9placer sur la pelouse du FC Nantes lundi prochain, le club lorrain va en toute vraisemblance signer un avant-centre libre de tout contrat, en la personne de Pape Me\u00efssa Ba. Libre, il doit signer un bail de deux saisons avec son nouveau club dans les heures \u00e0 venir.<\/p>\n<p><strong>L\u2019AS Nancy-Lorraine devrait accueillir Pape Me\u00efssa Ba<\/strong><\/p>\n<p>D\u2019apr\u00e8s nos informations, le joueur de 29 ans a m\u00eame d\u00e9j\u00e0 pass\u00e9 sa visite m\u00e9dicale et doit \u00eatre officialis\u00e9 tr\u00e8s prochainement. Appartenant au Widzew Lodz (Pologne) depuis l\u2019\u00e9t\u00e9 dernier, il avait \u00e9t\u00e9 pr\u00eat\u00e9 au Red Star en deuxi\u00e8me partie de saison derni\u00e8re, effectuant son retour apr\u00e8s un premier passage r\u00e9ussi en 2021-2022 (29 buts et 8 passes d\u00e9cisives). Egalement pass\u00e9 par Troyes et Grenoble, il va ainsi d\u00e9couvrir une nouvelle formation habitu\u00e9e du championnat de Ligue 2, et esp\u00e8re se relancer apr\u00e8s une aventure difficile dans l\u2019est de l\u2019Europe.<\/p>\n<p>Partagez cette info avec vos amis et vos proches en cliquant ici<br \/>Pour r\u00e9sumer<\/p>\n<p>Auteur d\u2019un bon d\u00e9but de saison en Ligue 2, l\u2019AS Nancy-Lorraine va renforcer son secteur offensif avec la signature d\u2019un attaquant qui conna\u00eet d\u00e9j\u00e0 le championnat de France et qui \u00e9voluait au Red Star la saison derni\u00e8re.<\/p>\n<p> <img decoding=\"async\" width=\"76\" height=\"76\" loading=\"lazy\" src=\"https:\/\/static.wui.fr\/images_v3\/avatar-footnational.png\" alt=\"La r\u00e9daction\"\/><\/p>\n","protected":false},"excerpt":{"rendered":"L\u2019AS Nancy-Lorraine ne fait pas de bruit, mais r\u00e9alise un d\u00e9but de saison solide en Ligue 2. Avec&hellip;\n","protected":false},"author":2,"featured_media":1159782,"comment_status":"","ping_status":"","sticky":false,"template":"","format":"standard","meta":{"footnotes":"","_share_on_mastodon":"0"},"categories":[9635],"tags":[1111,11,1777,674,1011,27,775,59995,71739,1702,12,25],"class_list":["post-1159781","post","type-post","status-publish","format-standard","has-post-thumbnail","category-nancy","tag-actu","tag-actualites","tag-eu","tag-europe","tag-fr","tag-france","tag-grand-est","tag-ligue-2-actus","tag-ligue-2-mercato","tag-nancy","tag-news","tag-republique-francaise"],"share_on_mastodon":{"url":"https:\/\/pubeurope.com\/@fr\/117192002756025157","error":""},"_links":{"self":[{"href":"https:\/\/www.europesays.com\/fr\/wp-json\/wp\/v2\/posts\/1159781","targetHints":{"allow":["GET"]}}],"collection":[{"href":"https:\/\/www.europesays.com\/fr\/wp-json\/wp\/v2\/posts"}],"about":[{"href":"https:\/\/www.europesays.com\/fr\/wp-json\/wp\/v2\/types\/post"}],"author":[{"embeddable":true,"href":"https:\/\/www.europesays.com\/fr\/wp-json\/wp\/v2\/users\/2"}],"replies":[{"embeddable":true,"href":"https:\/\/www.europesays.com\/fr\/wp-json\/wp\/v2\/comments?post=1159781"}],"version-history":[{"count":0,"href":"https:\/\/www.europesays.com\/fr\/wp-json\/wp\/v2\/posts\/1159781\/revisions"}],"wp:featuredmedia":[{"embeddable":true,"href":"https:\/\/www.europesays.com\/fr\/wp-json\/wp\/v2\/media\/1159782"}],"wp:attachment":[{"href":"https:\/\/www.europesays.com\/fr\/wp-json\/wp\/v2\/media?parent=1159781"}],"wp:term":[{"taxonomy":"category","embeddable":true,"href":"https:\/\/www.europesays.com\/fr\/wp-json\/wp\/v2\/categories?post=1159781"},{"taxonomy":"post_tag","embeddable":true,"href":"https:\/\/www.europesays.com\/fr\/wp-json\/wp\/v2\/tags?post=1159781"}],"curies":[{"name":"wp","href":"https:\/\/api.w.org\/{rel}","templated":true}]}}