{"id":1159799,"date":"2026-08-31T20:44:47","date_gmt":"2026-08-31T20:44:47","guid":{"rendered":"https:\/\/www.europesays.com\/fr\/1159799\/"},"modified":"2026-08-31T20:44:47","modified_gmt":"2026-08-31T20:44:47","slug":"a-strasbourg-la-carte-culture-offre-3-evenements-gratuits-aux-etudiantes-pour-la-rentree","status":"publish","type":"post","link":"https:\/\/www.europesays.com\/fr\/1159799\/","title":{"rendered":"\u00c0 Strasbourg, la Carte Culture offre 3 \u00e9v\u00e9nements gratuits aux \u00e9tudiant(e)s pour la rentr\u00e9e"},"content":{"rendered":"<p><strong>C\u2019est la rentr\u00e9e mais hors de question de d\u00e9primer : de nouvelles sorties culturelles s\u2019offrent \u00e0 nous. Pour l\u2019ann\u00e9e 2026-2027, la Carte Culture fait son retour et elle est totalement gratuite quand on \u00e9tudie en Alsace. Tarifs avantageux et \u00e9v\u00e9nements \u00e0 0\u20ac sont propos\u00e9s dans plus de 90 structures culturelles partenaires ! Pour ne rien rater \u00e0 Strasbourg, voici un petit tour de la programmation qui commence d\u00e8s septembre.<\/strong><\/p>\n<p><strong>La Carte Culture, ce serait presque une raison valable de vouloir reprendre ses \u00e9tudes.<\/strong> Parce que oui, pas de limite d\u2019\u00e2ge : <strong>pour en b\u00e9n\u00e9ficier, il suffit de faire ses \u00e9tudes en Alsace.<\/strong><\/p>\n<p>On peut alors profiter toute l\u2019ann\u00e9e de<strong> petits prix sur l\u2019offre culturelle<\/strong> : vivre un concert \u00e0 6\u20ac, vibrer au cin\u00e9 pour 5\u20ac ou voyager dans les mus\u00e9es, \u00e7a ne se refuse pas !<\/p>\n<p>                <img width=\"750\" height=\"500\" src=\"https:\/\/www.europesays.com\/fr\/wp-content\/uploads\/2026\/08\/dsc-3690-750x500.jpg\" class=\"attachment-gallery size-gallery\" alt=\"decibulles concert musique festival\" data-full-url=\"https:\/\/pokaa.fr\/wp-content\/uploads\/2026\/07\/12\/dsc-3690.jpg\" decoding=\"async\" loading=\"lazy\"  \/>            <\/p>\n<p>                <img width=\"375\" height=\"500\" src=\"https:\/\/www.europesays.com\/fr\/wp-content\/uploads\/2026\/08\/bale-musee-tingely-et-fondation-beyler-image00035-2-375x500.jpeg\" class=\"attachment-gallery size-gallery\" alt=\"b\u00e2le mus\u00e9e Tingely et fondation Beyler image00035-2\" data-full-url=\"https:\/\/pokaa.fr\/wp-content\/uploads\/2025\/06\/23\/bale-musee-tingely-et-fondation-beyler-image00035-2.jpeg\" decoding=\"async\" loading=\"lazy\"  \/>            <\/p>\n<p>                <img width=\"750\" height=\"500\" src=\"https:\/\/www.europesays.com\/fr\/wp-content\/uploads\/2026\/08\/dsc-2693-750x500.jpg\" class=\"attachment-gallery size-gallery\" alt=\"decibulles concert musique festival\" data-full-url=\"https:\/\/pokaa.fr\/wp-content\/uploads\/2026\/07\/12\/dsc-2693.jpg\" decoding=\"async\" loading=\"lazy\"  \/>            <\/p>\n<p>                    1. 3. \u00a9 Mathilde Cybulski \/ Pokaa ; 2. \u00a9 Bastien Pietronave \/ Pokaa<\/p>\n<p>La carte \u00e9tudiant(e), c\u2019est aussi la Carte Culture !<\/p>\n<p>Pas besoin de partir \u00e0 sa recherche, <strong>la Carte Culture est d\u00e9j\u00e0 sur la carte \u00e9tudiante.<\/strong> Ce dispositif culturel gratuit existe <strong>depuis plus de 30 ans<\/strong> par le biais des universit\u00e9s de Strasbourg et de Haute-Alsace.<\/p>\n<p>La Carte Culture est <strong>accessible aux \u00e9tudiant(e)s d\u2019Alsace<\/strong> s\u2019\u00e9tant acquitt\u00e9(e)s ou \u00e9tant exon\u00e9r\u00e9(e)s de la CVEC (Contribution de vie \u00e9tudiante et de campus).<\/p>\n<p>    <img width=\"800\" height=\"600\" src=\"https:\/\/www.europesays.com\/fr\/wp-content\/uploads\/2026\/08\/campus-etudiants-fac-esplanade-universite21.jpeg\" class=\"attachment-image-size-L size-image-size-L\" alt=\"campus e\u0301tudiants fac esplanade universite\u030121\" decoding=\"async\" loading=\"lazy\"  \/>         \u00a9 Samuel Compion \/ Pokaa <\/p>\n<p><strong>Mais comment la reconna\u00eet-on ?<\/strong> Gr\u00e2ce au <strong>sticker rectangulaire de l\u2019ann\u00e9e 2026-27<\/strong>, coll\u00e9 sur le Pass campus. Si on est dans un \u00e9tablissement post-bac conventionn\u00e9 Carte Culture, on peut \u00e9galement obtenir <strong>ce nouveau sticker CC rose de l\u2019ann\u00e9e 2026-27<\/strong> directement en se rapprochant de sa scolarit\u00e9 !<\/p>\n<p>Pour en savoir plus,<strong><a href=\"https:\/\/carte-culture.org\/?cn-reloaded=1\" target=\"_blank\" rel=\"noopener nofollow\"> il suffit de cliquer ici !\u00a0<\/a><\/strong><\/p>\n<p>La culture nous tend les bras<\/p>\n<p>Une fois entre nos mains, <strong>la Carte Culture offre de nombreux avantages dans plus de 90 lieux culturels partenaires<\/strong> dans toute l\u2019Alsace (Bas-Rhin et Haut-Rhin).<\/p>\n<p>                <img width=\"750\" height=\"500\" src=\"https:\/\/www.europesays.com\/fr\/wp-content\/uploads\/2026\/01\/envisager-la-nuit-tns-jean-louis-fernandez-3-750x500.jpg\" class=\"attachment-gallery size-gallery\" alt=\"Envisager la nuit + TNS\" data-full-url=\"https:\/\/pokaa.fr\/wp-content\/uploads\/2025\/02\/26\/envisager-la-nuit-tns-jean-louis-fernandez-3.jpg\" decoding=\"async\" loading=\"lazy\"  \/>            <\/p>\n<p>                <img width=\"875\" height=\"500\" src=\"https:\/\/www.europesays.com\/fr\/wp-content\/uploads\/2025\/12\/123-875x500.png\" class=\"attachment-gallery size-gallery\" alt=\"salle cin\u00e9ma th\u00e9\u00e2tre jeune ado\" data-full-url=\"https:\/\/pokaa.fr\/wp-content\/uploads\/2025\/03\/25\/123-1500x857.png\" decoding=\"async\" loading=\"lazy\"  \/>            <\/p>\n<p>                    1. \u00a9 Jean-Louis Fernandez \/ Document remis ; 2. \u00a9 Auteur inconnu &#8211; Flickr \/ Photo d&rsquo;illustration<\/p>\n<p><b>Concr\u00e8tement, combien co\u00fbtent les sorties ?<\/b><\/p>\n<ul>\n<li style=\"font-weight: 400;\"><b>Mus\u00e9es :<\/b><strong> entr\u00e9e libre<\/strong> dans les 26 mus\u00e9es partenaires<\/li>\n<li style=\"font-weight: 400;\"><b>Cin\u00e9ma :<\/b><strong> entre 3 \u20ac et 5 \u20ac<\/strong> la place selon les salles et les s\u00e9ances<\/li>\n<li style=\"font-weight: 400;\"><b>Spectacles :<\/b><strong> 6 \u20ac<\/strong> dans 48 salles et festivals partenaires<\/li>\n<\/ul>\n<p>En plus de ces avantages annuels, il y a \u00e9galement <strong>toute une programmation offerte par le dispositif Carte Culture, avec de nombreux \u00e9v\u00e9nements (spectacles, concerts, visites, etc.).<\/strong> Il n\u2019y a plus qu\u2019\u00e0 sortir et faire des rencontres pour cr\u00e9er une panoplie de souvenirs.<\/p>\n<p>                <img width=\"375\" height=\"500\" src=\"https:\/\/www.europesays.com\/fr\/wp-content\/uploads\/2026\/08\/img-2738-375x500.jpeg\" class=\"attachment-gallery size-gallery\" alt=\"op\u00e9ra\" data-full-url=\"https:\/\/pokaa.fr\/wp-content\/uploads\/2025\/09\/22\/img-2738.jpeg\" decoding=\"async\" loading=\"lazy\"  \/>            <\/p>\n<p>                <img width=\"667\" height=\"500\" src=\"https:\/\/www.europesays.com\/fr\/wp-content\/uploads\/2026\/08\/img-2339-667x500.jpg\" class=\"attachment-gallery size-gallery\" alt=\"Mus\u00e9e zoologique baleine\" data-full-url=\"https:\/\/pokaa.fr\/wp-content\/uploads\/2025\/09\/10\/img-2339.jpg\" decoding=\"async\" loading=\"lazy\"  \/>            <\/p>\n<p>                    \u00a9 Anthony Jilli \/ Pokaa<\/p>\n<p>3 \u00e9v\u00e9nements gratuits pour bien d\u00e9marrer la rentr\u00e9e<\/p>\n<p>Comme expliqu\u00e9 plus haut, <strong>la Carte Culture permet de b\u00e9n\u00e9ficier gratuitement d\u2019une programmation unique au cours de l\u2019ann\u00e9e.<\/strong> On conna\u00eet d\u00e9j\u00e0 <strong>les trois premiers \u00e9v\u00e9nements :<\/strong><\/p>\n<ul>\n<li style=\"font-weight: 400;\"><b>N\u00b01 : Culture en folie, jeux &amp; performance artistique<\/b><\/li>\n<\/ul>\n<p>Rendez-vous \u00e0 <strong>La Pokop<\/strong> (19 rue du Jura) le <strong>vendredi 18 septembre d\u00e8s 18h \u00a0!<\/strong> Cet \u00e9v\u00e9nement <strong>festif et participatif<\/strong> a \u00e9t\u00e9 con\u00e7u pour et par des \u00e9tudiant(e)s (master 1 Arts de la sc\u00e8ne et du spectacle vivant, \u00ab M\u00e9diation culturelle en territoire et relations aux publics \u00bb).<\/p>\n<p>C\u2019est <strong>l\u2019\u00e9v\u00e9nement qu\u2019il ne faut pas rater <\/strong>pour rencontrer du monde. On pourra notamment d\u00e9couvrir les lieux culturels partenaires de la Carte Culture gr\u00e2ce \u00e0 <strong>plusieurs jeux de coh\u00e9sion. <\/strong>Et \u00e0 21h, place au show avec <strong>une performance artistique unique m\u00ealant arts du cirque et DJ set !\u00a0<\/strong><strong><a href=\"https:\/\/www.helloasso.com\/associations\/association-arts-culture-alsace\/evenements\/culture-en-folie\" target=\"_blank\" rel=\"noopener nofollow\">Inscriptions obligatoires juste ici.\u00a0<\/a><\/strong><\/p>\n<p>                <img width=\"750\" height=\"500\" src=\"https:\/\/www.europesays.com\/fr\/wp-content\/uploads\/2026\/08\/la-pokop-catherine-schroder-3.jpg\" class=\"attachment-gallery size-gallery\" alt=\"La Pokop culture spectacle gradins th\u00e9\u00e2tre\" data-full-url=\"https:\/\/www.europesays.com\/fr\/wp-content\/uploads\/2026\/08\/la-pokop-catherine-schroder-3.jpg\" decoding=\"async\" loading=\"lazy\"  \/>            <\/p>\n<p>                <img width=\"458\" height=\"500\" src=\"https:\/\/www.europesays.com\/fr\/wp-content\/uploads\/2026\/08\/pokop-louise-petrouchka-tatiana-prieto-458x500.png\" class=\"attachment-gallery size-gallery\" alt=\"Pokop Louise Petrouchka Tatiana Prieto\" data-full-url=\"https:\/\/pokaa.fr\/wp-content\/uploads\/2024\/09\/24\/pokop-louise-petrouchka-tatiana-prieto.png\" decoding=\"async\" loading=\"lazy\"  \/>            <\/p>\n<p>                    1. \u00a9 Catherine Schroder \/ Document remis ; 2. \u00a9 Tatiana Prieto \/ Document remis <\/p>\n<ul>\n<li style=\"font-weight: 400;\"><b>N\u00b02 : concert de l\u2019Orchestre philharmonique de Strasbourg<\/b><\/li>\n<\/ul>\n<p><strong>Envie de d\u00e9couvrir la musique classique dans un cadre exceptionnel ?<\/strong> L\u2019Universit\u00e9 de Strasbourg invite les \u00e9tudiant(e)s \u00e0 assister \u00e0 <strong>un concert de l\u2019Orchestre philharmonique de Strasbourg (OPS), au Palais universitaire<\/strong>, sous la direction de la cheffe sud-cor\u00e9enne Holly Hyun Choe.<\/p>\n<p>Au programme : l\u2019Ouverture n\u00b03 d\u2019\u00c9milie Mayer, le Concerto pour clarinette n\u00b01 de Weber et, pour finir, la c\u00e9l\u00e8bre Symphonie du Nouveau Monde de Dvo\u0159\u00e1k. <strong>Le jeudi 24 septembre \u00e0 20h30, <a href=\"https:\/\/my.weezevent.com\/concert-a-luniversite-2026-1\" target=\"_blank\" rel=\"noopener nofollow\">r\u00e9serve ton voyage musical en t\u2019inscrivant ici<\/a><a href=\"https:\/\/my.weezevent.com\/concert-a-luniversite-2026-1\" target=\"_blank\" rel=\"noopener nofollow\">.<\/a><\/strong><\/p>\n<p><strong>\u00c0 noter :<\/strong> une rencontre avec <strong>J\u00e9r\u00e9my Oberdorf, clarinettiste solo de l\u2019OPS et soliste du concert<\/strong>, est propos\u00e9e la veille, mercredi 23 septembre de 18h30 \u00e0 19h au Palais de la Musique et des Congr\u00e8s. <a href=\"https:\/\/carte-culture.org\/events\/rencontre-avec-jeremy-oberdorf\/\" target=\"_blank\" rel=\"noopener nofollow\">Gratuit, sur inscription<\/a>.<\/p>\n<p>                <img width=\"333\" height=\"500\" src=\"https:\/\/www.europesays.com\/fr\/wp-content\/uploads\/2026\/08\/solistejeremy-oberdorf-creditgregorymassat-333x500.jpg\" class=\"attachment-gallery size-gallery\" alt=\"soliste Jeremy_oberdorf\" data-full-url=\"https:\/\/pokaa.fr\/wp-content\/uploads\/2026\/08\/27\/solistejeremy-oberdorf-creditgregorymassat-1500x2250.jpg\" decoding=\"async\" loading=\"lazy\"  \/>            <\/p>\n<p>                <img width=\"333\" height=\"500\" src=\"https:\/\/www.europesays.com\/fr\/wp-content\/uploads\/2026\/08\/ops-teonagoreci-34-333x500.jpg\" class=\"attachment-gallery size-gallery\" alt=\"Concert Orchestre philharmonique de Strasbourg au Palais Universitaire\" data-full-url=\"https:\/\/pokaa.fr\/wp-content\/uploads\/2026\/08\/27\/ops-teonagoreci-34-1500x2250.jpg\" decoding=\"async\" loading=\"lazy\"  \/>            <\/p>\n<p>                <img width=\"750\" height=\"500\" src=\"https:\/\/www.europesays.com\/fr\/wp-content\/uploads\/2026\/08\/ops-teonagoreci-13-750x500.jpg\" class=\"attachment-gallery size-gallery\" alt=\"Concert Orchestre philharmonique de Strasbourg au Palais Universitaire\" data-full-url=\"https:\/\/pokaa.fr\/wp-content\/uploads\/2026\/08\/27\/ops-teonagoreci-13-1500x1000.jpg\" decoding=\"async\" loading=\"lazy\"  \/>            <\/p>\n<p>                    1. J\u00e9r\u00e9my Oberdorf. \u00a9 Gregory Massat \/ Document remis ; 2. 3. Orchestre philharmonique de Strasbourg au Palais Universitaire. \u00a9 Teona Goreci \/ Documents remis<\/p>\n<ul>\n<li style=\"font-weight: 400;\"><b>N\u00b03 : Guinguette culturelle, village culturel &amp; DJ set<\/b><\/li>\n<\/ul>\n<p><strong>Jeudi 1er octobre<\/strong>, on pourra d\u00e9couvrir les lieux et \u00e9v\u00e9nements culturels de Strasbourg au Village culturel, un rendez-vous pens\u00e9 <strong>sp\u00e9cialement pour les \u00e9tudiant(e)s.<\/strong><\/p>\n<p><strong>Concerts, spectacles, expos : il y aura des rencontres avec les structures culturelles locales<\/strong>, le tout dans <strong>une ambiance festive avec DJ set,<\/strong> v\u00e9lo, smoothie et petite restauration.<\/p>\n<p>Et en participant, on <strong>pourra tenter de repartir avec des places de spectacles et des goodies<\/strong> gr\u00e2ce \u00e0 la roue de la chance ! Rendez-vous <strong>de 18h \u00e0 20h, en salle d\u2019\u00c9volution du Portique (campus Esplanade). <a href=\"https:\/\/my.weezevent.com\/guinguette-culturelle-5\" target=\"_blank\" rel=\"noopener nofollow\">Inscription conseill\u00e9e<\/a>.<\/strong><\/p>\n<p>                <img width=\"333\" height=\"500\" src=\"https:\/\/www.europesays.com\/fr\/wp-content\/uploads\/2026\/08\/2024-10-03-teona-goreci-5-333x500.jpg\" class=\"attachment-gallery size-gallery\" alt=\"guinguette culturelle Strasbourg\" data-full-url=\"https:\/\/pokaa.fr\/wp-content\/uploads\/2026\/08\/27\/2024-10-03-teona-goreci-5-1500x2250.jpg\" decoding=\"async\" loading=\"lazy\"  \/>            <\/p>\n<p>                <img width=\"750\" height=\"500\" src=\"https:\/\/www.europesays.com\/fr\/wp-content\/uploads\/2026\/08\/2024-10-03-teona-goreci-40-750x500.jpg\" class=\"attachment-gallery size-gallery\" alt=\"village culturel Strasbourg\" data-full-url=\"https:\/\/pokaa.fr\/wp-content\/uploads\/2026\/08\/27\/2024-10-03-teona-goreci-40-1500x1000.jpg\" decoding=\"async\" loading=\"lazy\"  \/>            <\/p>\n<p>                <img width=\"333\" height=\"500\" src=\"https:\/\/www.europesays.com\/fr\/wp-content\/uploads\/2026\/08\/2024-10-03-teona-goreci-30-333x500.jpg\" class=\"attachment-gallery size-gallery\" alt=\"guinguette culturelle Strasbourg\" data-full-url=\"https:\/\/pokaa.fr\/wp-content\/uploads\/2026\/08\/27\/2024-10-03-teona-goreci-30-1500x2250.jpg\" decoding=\"async\" loading=\"lazy\"  \/>            <\/p>\n<p>                <img width=\"333\" height=\"500\" src=\"https:\/\/www.europesays.com\/fr\/wp-content\/uploads\/2026\/08\/2024-10-03-teona-goreci-6-333x500.jpg\" class=\"attachment-gallery size-gallery\" alt=\"guinguette culturelle Strasbourg\" data-full-url=\"https:\/\/pokaa.fr\/wp-content\/uploads\/2026\/08\/27\/2024-10-03-teona-goreci-6-1500x2250.jpg\" decoding=\"async\" loading=\"lazy\"  \/>            <\/p>\n<p>                    \u00a9 Teona Goreci \/ Documents remis<\/p>\n<p><strong>Bonne rentr\u00e9e \u00e0 toutes et tous et pour profiter de la Carte Culture,<a href=\"https:\/\/carte-culture.org\/\" target=\"_blank\" rel=\"noopener nofollow\"> les informations sont ici !\u00a0<\/a><\/strong><\/p>\n<p>            Carte Culture 2026<\/p>\n<p>            Quoi ? <\/p>\n<p>R\u00e9ductions et gratuit\u00e9 sur l\u2019offre culturelle, et \u00e9v\u00e9nements offerts<\/p>\n<p>                Quand ?<\/p>\n<p>Toute l\u2019ann\u00e9e universitaire 2026-2027<\/p>\n<p>            o\u00f9 ?<\/p>\n<p>\u00c0 Strasbourg et en Alsace, dans plus de 90 structures culturelles partenaires<\/p>\n<p>                Plus d&rsquo;infos ?<\/p>\n<p><a href=\"https:\/\/carte-culture.org\/\" target=\"_blank\" rel=\"noopener nofollow\">Le site web de la Carte Culture<\/a><br \/><a href=\"https:\/\/carte-culture.org\/programmation\/\" target=\"_blank\" rel=\"noopener nofollow\">Les \u00e9v\u00e9nements\u00a0<\/a><br \/><a href=\"https:\/\/www.facebook.com\/carteculture.alsace\/?locale=fr_FR\" target=\"_blank\" rel=\"noopener nofollow\">La page Facebook<\/a><br \/><a href=\"https:\/\/www.instagram.com\/carteculture\/\" target=\"_blank\" rel=\"noopener nofollow\">La page Instagram<\/a><\/p>\n<p>    <img width=\"800\" height=\"450\" src=\"https:\/\/www.europesays.com\/fr\/wp-content\/uploads\/2026\/08\/v2-banniere-web-2026-carte-culture-by-ben-jo-800x450.png\" class=\"attachment-image-size-L size-image-size-L\" alt=\"visuel carte culture 2026\" decoding=\"async\" loading=\"lazy\"  \/>         \u00a9 Agence Ben&amp;Jo \/ Document remis <\/p>\n<p><script async src=\"\/\/www.instagram.com\/embed.js\"><\/script><\/p>\n","protected":false},"excerpt":{"rendered":"C\u2019est la rentr\u00e9e mais hors de question de d\u00e9primer : de nouvelles sorties culturelles s\u2019offrent \u00e0 nous. Pour&hellip;\n","protected":false},"author":2,"featured_media":1159800,"comment_status":"","ping_status":"","sticky":false,"template":"","format":"standard","meta":{"footnotes":"","_share_on_mastodon":"0"},"categories":[2820],"tags":[1111,11,76132,119183,50797,4081,1777,674,1011,27,775,12,25,640,58524],"class_list":["post-1159799","post","type-post","status-publish","format-standard","has-post-thumbnail","category-strasbourg","tag-actu","tag-actualites","tag-alsace-actualite","tag-bon-plan-etudiant","tag-carte-culture","tag-etudiant","tag-eu","tag-europe","tag-fr","tag-france","tag-grand-est","tag-news","tag-republique-francaise","tag-strasbourg","tag-strasbourg-actualite"],"share_on_mastodon":{"url":"https:\/\/pubeurope.com\/@fr\/117192079079307181","error":""},"_links":{"self":[{"href":"https:\/\/www.europesays.com\/fr\/wp-json\/wp\/v2\/posts\/1159799","targetHints":{"allow":["GET"]}}],"collection":[{"href":"https:\/\/www.europesays.com\/fr\/wp-json\/wp\/v2\/posts"}],"about":[{"href":"https:\/\/www.europesays.com\/fr\/wp-json\/wp\/v2\/types\/post"}],"author":[{"embeddable":true,"href":"https:\/\/www.europesays.com\/fr\/wp-json\/wp\/v2\/users\/2"}],"replies":[{"embeddable":true,"href":"https:\/\/www.europesays.com\/fr\/wp-json\/wp\/v2\/comments?post=1159799"}],"version-history":[{"count":0,"href":"https:\/\/www.europesays.com\/fr\/wp-json\/wp\/v2\/posts\/1159799\/revisions"}],"wp:featuredmedia":[{"embeddable":true,"href":"https:\/\/www.europesays.com\/fr\/wp-json\/wp\/v2\/media\/1159800"}],"wp:attachment":[{"href":"https:\/\/www.europesays.com\/fr\/wp-json\/wp\/v2\/media?parent=1159799"}],"wp:term":[{"taxonomy":"category","embeddable":true,"href":"https:\/\/www.europesays.com\/fr\/wp-json\/wp\/v2\/categories?post=1159799"},{"taxonomy":"post_tag","embeddable":true,"href":"https:\/\/www.europesays.com\/fr\/wp-json\/wp\/v2\/tags?post=1159799"}],"curies":[{"name":"wp","href":"https:\/\/api.w.org\/{rel}","templated":true}]}}