{"id":115980,"date":"2025-05-21T04:31:13","date_gmt":"2025-05-21T04:31:13","guid":{"rendered":"https:\/\/www.europesays.com\/fr\/115980\/"},"modified":"2025-05-21T04:31:13","modified_gmt":"2025-05-21T04:31:13","slug":"on-netait-pas-loin-dun-accident-irreversible-lara-fabian-confie-avoir-presque-du-arreter-sa-carriere-a-cause-dun-probleme-de-sante","status":"publish","type":"post","link":"https:\/\/www.europesays.com\/fr\/115980\/","title":{"rendered":"\u00ab\u00a0On n&rsquo;\u00e9tait pas loin d&rsquo;un accident irr\u00e9versible\u00a0\u00bb\u00a0: Lara Fabian confie avoir presque d\u00fb arr\u00eater sa carri\u00e8re \u00e0 cause d&rsquo;un probl\u00e8me de sant\u00e9"},"content":{"rendered":"<p><a href=\"https:\/\/www.parismatch.be\/culture\/musique\/2025\/05\/07\/lara-fabien-devoile-le-clip-de-je-suis-de-toi-a-laube-de-la-fete-des-meres-il-delivre-un-magnifique-message-sur-la-transmission-et-linclusion-KBAMKQT4FRHFZEOSDJLLACGZLE\/\" target=\"_blank\" rel=\"noopener noreferrer\" class=\"ap-StoryInterstitialLink ap-StoryElement ap-StoryElement--mb\">Lara Fabian d\u00e9voile le clip de \u00ab\u00a0Je suis de toi\u00a0\u00bb : \u00e0 l&rsquo;aube de la f\u00eate des m\u00e8res, il d\u00e9livre un magnifique message sur la transmission et l&rsquo;inclusion<\/a>\u00ab\u00a0Mon cerveau a compl\u00e8tement ferm\u00e9 les vannes\u00a0\u00bb<\/p>\n<p class=\"ap-StoryElement ap-StoryElement--mb ap-StoryText\">Lara Fabian a alors expliqu\u00e9 qu&rsquo;elle avait eu des <b>soucis auditifs <\/b>assez s\u00e9rieux. Quand Michel Drucker lui a demand\u00e9 s&rsquo;il s&rsquo;agissait d&rsquo;un \u00ab\u00a0tympan perfor\u00e9\u00a0\u00bb, elle a r\u00e9pondu : \u00ab\u00a0Gr\u00e2ce \u00e0 Dieu, non, mais on n&rsquo;\u00e9tait pas loin d&rsquo;un <b>accident irr\u00e9versible<\/b>\u00ab\u00a0, rapporte Cosmopolitan. \u00ab\u00a0Mon <b>cerveau <\/b>a compl\u00e8tement ferm\u00e9 les vannes et je n&rsquo;ai<b> plus entendu<\/b> pendant presque trois, quatre mois.\u00a0\u00bb<\/p>\n<p class=\"ap-StoryElement ap-StoryElement--mb ap-StoryText\">Ce souci de sant\u00e9 est survenu en 2013 et c&rsquo;\u00e9tait alors une p\u00e9riode difficile \u00e0 vivre pour la chanteuse. \u00ab\u00a0C&rsquo;\u00e9tait dur, mais il y a quelque chose d&rsquo;incroyable qui se passe dans ces moments, c&rsquo;est qu&rsquo;on arrive \u00e0 percevoir, entendre et comprendre la <b>musique <\/b>autrement\u00a0\u00bb, a-t-elle expliqu\u00e9. \u00ab\u00a0Quand quelque chose vient \u00e0 nous manquer, si on a le courage de le faire \u00e0 ce moment-l\u00e0, on peut essayer de se tourner vers ce que \u00e7a permet.\u00a0\u00bb<\/p>\n<p><a href=\"https:\/\/www.parismatch.be\/actualites\/people\/2025\/03\/03\/lara-fabian-evoque-les-troubles-alimentaires-auxquels-elle-a-du-faire-face-je-suis-arrivee-a-41-kilos-et-jai-fait-une-crise-cardiaque-3TF4ITGB2VG7NKZITP4VU7QECI\/\" target=\"_blank\" rel=\"noopener noreferrer\" class=\"ap-StoryInterstitialLink ap-StoryElement ap-StoryElement--mb\">Lara Fabian \u00e9voque les troubles alimentaires auxquels elle a d\u00fb faire face : \u00ab\u00a0Je suis arriv\u00e9e \u00e0 41 kilos et j&rsquo;ai fait une crise cardiaque\u00a0\u00bb<\/a><\/p>\n<p class=\"ap-StoryElement ap-StoryElement--mb ap-StoryText\">Perdre une partie de son appareil auditif a eu un r\u00e9el impact sur la capacit\u00e9 de Lara Fabian \u00e0 <b>chanter<\/b>. \u00ab\u00a0Ce n&rsquo;est pas tellement que j&rsquo;ai perdu ma voix, mais c&rsquo;est qu&rsquo;en n&rsquo;entendant plus comment je chantais, je ne pouvais plus m&rsquo;exercer comme je le faisais.\u00a0\u00bb Heureusement, l&rsquo;artiste va aujourd&rsquo;hui beaucoup mieux. \u00ab\u00a0J&rsquo;ai perdu un peu de flexibilit\u00e9, d&rsquo;\u00e9lasticit\u00e9, puis je me suis remise \u00e0 travailler et finalement, tout est revenu\u00a0\u00bb, confie-t-elle. Tout est bien qui finit bien pour Lara Fabian, mais ce probl\u00e8me de sant\u00e9 aurait pu la forcer \u00e0 <b>arr\u00eater sa carri\u00e8re<\/b>.<\/p>\n","protected":false},"excerpt":{"rendered":"Lara Fabian d\u00e9voile le clip de \u00ab\u00a0Je suis de toi\u00a0\u00bb : \u00e0 l&rsquo;aube de la f\u00eate des m\u00e8res,&hellip;\n","protected":false},"author":2,"featured_media":115981,"comment_status":"","ping_status":"","sticky":false,"template":"","format":"standard","meta":{"footnotes":""},"categories":[1355],"tags":[119,10321,1282,2704,58,59,1011,27,12238,1361,873,71],"class_list":{"0":"post-115980","1":"post","2":"type-post","3":"status-publish","4":"format-standard","5":"has-post-thumbnail","7":"category-musique","8":"tag-accident","9":"tag-auditif","10":"tag-carriere","11":"tag-chanteuse","12":"tag-divertissement","13":"tag-entertainment","14":"tag-fr","15":"tag-france","16":"tag-lara-fabian","17":"tag-music","18":"tag-musique","19":"tag-sante"},"share_on_mastodon":{"url":"https:\/\/pubeurope.com\/@fr\/114543950747198398","error":""},"_links":{"self":[{"href":"https:\/\/www.europesays.com\/fr\/wp-json\/wp\/v2\/posts\/115980","targetHints":{"allow":["GET"]}}],"collection":[{"href":"https:\/\/www.europesays.com\/fr\/wp-json\/wp\/v2\/posts"}],"about":[{"href":"https:\/\/www.europesays.com\/fr\/wp-json\/wp\/v2\/types\/post"}],"author":[{"embeddable":true,"href":"https:\/\/www.europesays.com\/fr\/wp-json\/wp\/v2\/users\/2"}],"replies":[{"embeddable":true,"href":"https:\/\/www.europesays.com\/fr\/wp-json\/wp\/v2\/comments?post=115980"}],"version-history":[{"count":0,"href":"https:\/\/www.europesays.com\/fr\/wp-json\/wp\/v2\/posts\/115980\/revisions"}],"wp:featuredmedia":[{"embeddable":true,"href":"https:\/\/www.europesays.com\/fr\/wp-json\/wp\/v2\/media\/115981"}],"wp:attachment":[{"href":"https:\/\/www.europesays.com\/fr\/wp-json\/wp\/v2\/media?parent=115980"}],"wp:term":[{"taxonomy":"category","embeddable":true,"href":"https:\/\/www.europesays.com\/fr\/wp-json\/wp\/v2\/categories?post=115980"},{"taxonomy":"post_tag","embeddable":true,"href":"https:\/\/www.europesays.com\/fr\/wp-json\/wp\/v2\/tags?post=115980"}],"curies":[{"name":"wp","href":"https:\/\/api.w.org\/{rel}","templated":true}]}}