{"id":1159817,"date":"2026-08-31T20:58:20","date_gmt":"2026-08-31T20:58:20","guid":{"rendered":"https:\/\/www.europesays.com\/fr\/1159817\/"},"modified":"2026-08-31T20:58:20","modified_gmt":"2026-08-31T20:58:20","slug":"mercato-le-buteur-japonais-ayase-ueda-signe-a-lille-jusquen-2030","status":"publish","type":"post","link":"https:\/\/www.europesays.com\/fr\/1159817\/","title":{"rendered":"Mercato : le buteur japonais Ayase Ueda signe \u00e0 Lille jusqu&rsquo;en 2030"},"content":{"rendered":"<p>\n    Le Losc a officialis\u00e9 l\u2019arriv\u00e9e de l\u2019international japonais Ayase Ueda, en provenance du Feyenoord Rotterdam. Meilleur buteur du championnat n\u00e9erlandais la saison derni\u00e8re avec 25 r\u00e9alisations, l\u2019attaquant de 28 ans vient renforcer le secteur offensif de D\u2019Ancelotti.<\/p>\n<p class=\"fig-paragraph\">L&rsquo;attaquant international japonais Ayase Ueda s&rsquo;est engag\u00e9 avec\u00a0<a href=\"https:\/\/www.lefigaro.fr\/sports\/football\/equipes\/lille\/calendrier-resultats\" target=\"_blank\" rel=\"noopener nofollow\" data-gtm-custom-categorie=\"navigation\" data-gtm-custom-action=\"crossclick\" data-gtm-custom-label=\"Contextuel\" data-gtm-event=\"customEventSPE\">Lille<\/a>\u00a0jusqu&rsquo;en 2030, a annonc\u00e9 lundi le club de\u00a0<a href=\"https:\/\/www.lefigaro.fr\/sports\/football\/ligue-1\" target=\"_blank\" data-fig-type=\"Section\" rel=\"noopener nofollow\" data-gtm-custom-categorie=\"navigation\" data-gtm-custom-action=\"crossclick\" data-gtm-custom-label=\"Contextuel\" data-gtm-event=\"customEventSPE\" data-fig-domain=\"LEFIGARO\">Ligue 1<\/a>, o\u00f9 le buteur du Feyenoord Rotterdam devrait remplacer num\u00e9riquement Matias Fernandez-Pardo, en partance pour Newcastle.<\/p>\n<p class=\"fig-paragraph\">Meilleur buteur du championnat n\u00e9erlandais la saison derni\u00e8re avec 25 buts, Ayase Ueda (28 ans) compte 43 s\u00e9lections en \u00e9quipe nationale et \u00e9tait l&rsquo;avant-centre titulaire du Japon lors du Mondial 2026. Il a notamment inscrit un doubl\u00e9 lors du match de poule face \u00e0 la Tunisie (4-0), avant de s&rsquo;incliner en 16e de finale (2-1) face au Br\u00e9sil de son nouvel entra\u00eeneur Davide Ancelotti.<\/p>\n<p class=\"fig-body-link\">\n            \u00c0 lire aussi<br \/>\n        <a class=\"fig-body-link__link\" href=\"http:\/\/www.lefigaro.fr\/sports\/football\/ligue-1\/ligue-1-l-ol-condamne-des-agressions-a-l-exterieur-de-son-stade-apres-la-plainte-d-une-elue-locale-evoquant-un-motif-raciste-20260831\" target=\"_blank\" data-fig-type=\"NewsFlash\" rel=\"noopener nofollow\" data-gtm-custom-categorie=\"navigation\" data-gtm-custom-action=\"crossclick\" data-gtm-custom-label=\"Contextuel\" data-gtm-event=\"customEventSPE\" data-fig-domain=\"LEFIGARO\"><br \/>\n                Ligue 1\u00a0: l\u2019OL condamne des \u00abagressions \u00e0 l\u2019ext\u00e9rieur\u00bb de son stade apr\u00e8s la plainte d&rsquo;une \u00e9lue locale \u00e9voquant un motif raciste<br \/>\n    <\/a>\n<\/p>\n<p>                                            <a class=\"fig-a11y-skip\" href=\"#fig-a11y-skip-main-inarticle\" is=\"fig-a11y-skip\" data-trigger-mode=\"visible-once\"><br \/>\n    Passer la publicit\u00e9<br \/>\n<\/a>            <\/p>\n<p class=\"fig-paragraph\">Apr\u00e8s avoir enregistr\u00e9 une vente record cet \u00e9t\u00e9 avec le d\u00e9part d&rsquo;Ayyoub Bouaddi \u00e0 Manchester City pour 100 millions d&rsquo;euros, le Losc aurait d\u00e9pens\u00e9 pr\u00e8s de 15 millions d&rsquo;euros, selon le journal L&rsquo;\u00c9quipe, pour recruter un avant-centre qui sort de la saison la plus prolifique de sa carri\u00e8re.<\/p>\n<p class=\"fig-paragraph\">Ayase Ueda vient offrir \u00e0 Ancelotti une alternative pr\u00e9cieuse \u00e0 Olivier Giroud en pointe, \u00e0 une semaine des d\u00e9buts du Losc en Ligue des champions \u00e0 domicile face au Betis S\u00e9ville, et alors que le calendrier des Dogues va commencer \u00e0 se densifier. \u00abButeur, finisseur reconnu sur la sc\u00e8ne europ\u00e9enne et internationale, le profil d&rsquo;Ayase sera un atout important pour le Losc\u00bb, a indiqu\u00e9 le pr\u00e9sident lillois, Olivier L\u00e9tang, dans le communiqu\u00e9 du club.<\/p>\n<p class=\"fig-paragraph\">Cette arriv\u00e9e devrait aussi permettre de concr\u00e9tiser la vente de Matias Fernandez-Pardo. \u00c9cart\u00e9 du groupe professionnel depuis la semaine derni\u00e8re en raison de ses envies de d\u00e9part, l&rsquo;attaquant international belge de 21 ans est annonc\u00e9 \u00e0 Newcastle pour un transfert qui devrait atteindre 65 millions d&rsquo;euros, selon la presse sportive. Avec le d\u00e9part de Fernandez-Pardo, Lille pourrait r\u00e9aliser une deuxi\u00e8me tr\u00e8s belle vente lors de ce mercato estival et confirmer son habilet\u00e9 \u00e0 bien valoriser ses jeunes talents.<\/p>\n","protected":false},"excerpt":{"rendered":"Le Losc a officialis\u00e9 l\u2019arriv\u00e9e de l\u2019international japonais Ayase Ueda, en provenance du Feyenoord Rotterdam. Meilleur buteur du&hellip;\n","protected":false},"author":2,"featured_media":1159818,"comment_status":"","ping_status":"","sticky":false,"template":"","format":"standard","meta":{"footnotes":"","_share_on_mastodon":"0"},"categories":[2815],"tags":[1111,47,11,1109,1112,1777,674,118,1108,107,1106,1107,1011,27,811,1110,1114,14,1307,12,1113,316,25],"class_list":["post-1159817","post","type-post","status-publish","format-standard","has-post-thumbnail","category-lille","tag-actu","tag-actualite","tag-actualites","tag-breves","tag-depeches","tag-eu","tag-europe","tag-faits-divers","tag-fil","tag-fil-info","tag-flash","tag-flash-actu","tag-fr","tag-france","tag-hauts-de-france","tag-informations","tag-infos","tag-international","tag-lille","tag-news","tag-nouvelles","tag-politique","tag-republique-francaise"],"share_on_mastodon":{"url":"https:\/\/pubeurope.com\/@fr\/117192130961610076","error":""},"_links":{"self":[{"href":"https:\/\/www.europesays.com\/fr\/wp-json\/wp\/v2\/posts\/1159817","targetHints":{"allow":["GET"]}}],"collection":[{"href":"https:\/\/www.europesays.com\/fr\/wp-json\/wp\/v2\/posts"}],"about":[{"href":"https:\/\/www.europesays.com\/fr\/wp-json\/wp\/v2\/types\/post"}],"author":[{"embeddable":true,"href":"https:\/\/www.europesays.com\/fr\/wp-json\/wp\/v2\/users\/2"}],"replies":[{"embeddable":true,"href":"https:\/\/www.europesays.com\/fr\/wp-json\/wp\/v2\/comments?post=1159817"}],"version-history":[{"count":0,"href":"https:\/\/www.europesays.com\/fr\/wp-json\/wp\/v2\/posts\/1159817\/revisions"}],"wp:featuredmedia":[{"embeddable":true,"href":"https:\/\/www.europesays.com\/fr\/wp-json\/wp\/v2\/media\/1159818"}],"wp:attachment":[{"href":"https:\/\/www.europesays.com\/fr\/wp-json\/wp\/v2\/media?parent=1159817"}],"wp:term":[{"taxonomy":"category","embeddable":true,"href":"https:\/\/www.europesays.com\/fr\/wp-json\/wp\/v2\/categories?post=1159817"},{"taxonomy":"post_tag","embeddable":true,"href":"https:\/\/www.europesays.com\/fr\/wp-json\/wp\/v2\/tags?post=1159817"}],"curies":[{"name":"wp","href":"https:\/\/api.w.org\/{rel}","templated":true}]}}