{"id":1159847,"date":"2026-08-31T21:17:20","date_gmt":"2026-08-31T21:17:20","guid":{"rendered":"https:\/\/www.europesays.com\/fr\/1159847\/"},"modified":"2026-08-31T21:17:20","modified_gmt":"2026-08-31T21:17:20","slug":"helene-segara-a-perdu-un-oeil-jai-eu-22-operations","status":"publish","type":"post","link":"https:\/\/www.europesays.com\/fr\/1159847\/","title":{"rendered":"H\u00e9l\u00e8ne S\u00e9gara a perdu un oeil\u00a0: \u00ab\u00a0J&rsquo;ai eu 22\u00a0op\u00e9rations\u00a0\u00bb"},"content":{"rendered":"<p>                                                        <img decoding=\"async\" src=\"https:\/\/www.europesays.com\/fr\/wp-content\/uploads\/2026\/08\/1500x-40094322.jpg\" alt=\"H\u00e9l\u00e8ne S\u00e9gara a perdu un oeil\u00a0: &quot;J'ai eu 22\u00a0op\u00e9rations&quot;\" width=\"1500\" height=\"1000\" fetchpriority=\"high\" class=\"w-full sm:w-32 md:w-40 h-auto rounded object-cover\"\/><\/p>\n<p>                                                                Depuis pr\u00e8s de dix ans, H\u00e9l\u00e8ne S\u00e9gara se bat contre une maladie oculaire auto-immune rare qui a fini par la priver d&rsquo;un \u0153il. La chanteuse a r\u00e9cemment fait le point sur son \u00e9tat de sant\u00e9.\n                                    <\/p>\n<p class=\"text-base text-gray-800 leading-relaxed mb-4\">Le 28\u00a0ao\u00fbt, H\u00e9l\u00e8ne S\u00e9gara revenait sur le devant de la sc\u00e8ne avec un album anniversaire, essentiellement compos\u00e9 de duos, intitul\u00e9 H\u00e9l\u00e8ne &amp; Friends. Invit\u00e9e pour l&rsquo;occasion sur le plateau de T\u00e9l\u00e9matin ce lundi 31\u00a0ao\u00fbt, elle en a profit\u00e9 pour \u00e9voquer sans langue de bois son \u00e9tat de sant\u00e9.\u00a0<\/p>\n<p>H\u00e9l\u00e8ne S\u00e9gara a subi \u00ab\u00a0beaucoup de chirurgies\u00a0\u00bb\u00a0: son combat contre la maladie\u00a0<\/p>\n<p class=\"text-base text-gray-800 leading-relaxed mb-4\">\u00c0 55\u00a0ans, H\u00e9l\u00e8ne S\u00e9gara a travers\u00e9 bien des temp\u00eates. La derni\u00e8re en date\u00a0? La perte totale de l&rsquo;un de ses yeux. Apr\u00e8s des ann\u00e9es de combat contre une maladie oculaire auto-immune, la chanteuse a finalement perdu une partie de sa vue. \u00ab\u00a0Vous savez, j&rsquo;ai eu des probl\u00e8mes tr\u00e8s graves aux yeux. Et comme j&rsquo;ai perdu un oeil, il fallait vraiment faire attention \u00e0 l&rsquo;oeil qu&rsquo;il me restait\u00a0\u00bb, a-t-elle rappel\u00e9 en plateau. Et \u00e0 elle de pr\u00e9ciser\u00a0: \u00ab\u00a0Il y a eu des p\u00e9riodes o\u00f9 j&rsquo;ai eu beaucoup de chirurgies. J&rsquo;ai eu 22\u00a0chirurgies.\u00a0\u00bb<\/p>\n<p class=\"text-base text-gray-800 leading-relaxed mb-4\">Un nombre impressionnant d&rsquo;op\u00e9rations pour l&rsquo;interpr\u00e8te des\u00a0tubes Il y a trop de gens qui t&rsquo;aiment et On n&rsquo;oublie jamais rien, on vit avec\u00a0: \u00ab\u00a0J&rsquo;avais un oeil qui se fermait plus que l&rsquo;autre, j&rsquo;avais un strabisme parce qu&rsquo;un oeil qui ne voit plus cherche d\u00e9sesp\u00e9r\u00e9ment une image et une lumi\u00e8re. Et j&rsquo;avais un maquilleur qui savait pallier \u00e0 tout \u00e7a.\u00a0\u00bb\u00a0<\/p>\n<p>H\u00e9l\u00e8ne S\u00e9gara \u00ab\u00a0r\u00e9siliente\u00a0\u00bb\u00a0: \u00ab\u00a0Je n&rsquo;ai pas du tout envie qu&rsquo;on me r\u00e9duise \u00e0 \u00e7a ou \u00e0 une victime\u00a0\u00bb<\/p>\n<p class=\"text-base text-gray-800 leading-relaxed mb-4\">Dans la foul\u00e9e, H\u00e9l\u00e8ne S\u00e9gara a tenu \u00e0 faire un \u00e9tat des lieux de son \u00e9tat de sant\u00e9. \u00ab\u00a0Je m&rsquo;exprime tr\u00e8s peu dans le mis\u00e9rabilisme, parfois les journaux disent ce que je n&rsquo;ai pas dit. Parce que moi j&rsquo;essaie toujours de voir le c\u00f4t\u00e9 positif de ce qui arrive\u00a0\u00bb, a-t-elle tenu \u00e0 faire savoir. \u00ab\u00a0J&rsquo;essaie de voir que je suis l\u00e0, que j&rsquo;ai quand m\u00eame r\u00e9ussi \u00e0 faire mon album, que c&rsquo;est l&rsquo;album d&rsquo;une r\u00e9siliente, que j&rsquo;\u00e9cris un livre sur la r\u00e9silience\u2026\u00a0\u00bb\u00a0<\/p>\n<p class=\"text-base text-gray-800 leading-relaxed mb-4\">La juge de La France a un Incroyable Talent fait d&rsquo;ailleurs un rappel utile :\u00a0\u00ab\u00a0Je n&rsquo;ai pas du tout envie qu&rsquo;on me r\u00e9duise \u00e0 \u00e7a ou \u00e0 une victime, j&rsquo;ai envie qu&rsquo;on \u00e9coute mes chansons, qu&rsquo;on \u00e9coute ce que je fais, et pas qu&rsquo;on me demande quelle malade je suis, si j&rsquo;ai eu beaucoup de piq\u00fbres dans les bras, beaucoup d&rsquo;op\u00e9rations.\u00a0\u00bb En revanche, la star a encourag\u00e9 tous ceux ayant des probl\u00e8mes de sant\u00e9 de ne \u00ab\u00a0jamais se fier, s&rsquo;arr\u00eater un \u00e0 seul avis m\u00e9dical. Il faut vraiment \u00eatre entour\u00e9.\u00a0\u00bb<\/p>\n","protected":false},"excerpt":{"rendered":"Depuis pr\u00e8s de dix ans, H\u00e9l\u00e8ne S\u00e9gara se bat contre une maladie oculaire auto-immune rare qui a fini&hellip;\n","protected":false},"author":2,"featured_media":1159848,"comment_status":"","ping_status":"","sticky":false,"template":"","format":"standard","meta":{"footnotes":"","_share_on_mastodon":"0"},"categories":[1586],"tags":[11,1777,674,1779,1011,27,12,25,1778,364],"class_list":["post-1159847","post","type-post","status-publish","format-standard","has-post-thumbnail","category-europe","tag-actualites","tag-eu","tag-europe","tag-european-union","tag-fr","tag-france","tag-news","tag-republique-francaise","tag-ue","tag-union-europeenne"],"share_on_mastodon":{"url":"https:\/\/pubeurope.com\/@fr\/117192207078446663","error":""},"_links":{"self":[{"href":"https:\/\/www.europesays.com\/fr\/wp-json\/wp\/v2\/posts\/1159847","targetHints":{"allow":["GET"]}}],"collection":[{"href":"https:\/\/www.europesays.com\/fr\/wp-json\/wp\/v2\/posts"}],"about":[{"href":"https:\/\/www.europesays.com\/fr\/wp-json\/wp\/v2\/types\/post"}],"author":[{"embeddable":true,"href":"https:\/\/www.europesays.com\/fr\/wp-json\/wp\/v2\/users\/2"}],"replies":[{"embeddable":true,"href":"https:\/\/www.europesays.com\/fr\/wp-json\/wp\/v2\/comments?post=1159847"}],"version-history":[{"count":0,"href":"https:\/\/www.europesays.com\/fr\/wp-json\/wp\/v2\/posts\/1159847\/revisions"}],"wp:featuredmedia":[{"embeddable":true,"href":"https:\/\/www.europesays.com\/fr\/wp-json\/wp\/v2\/media\/1159848"}],"wp:attachment":[{"href":"https:\/\/www.europesays.com\/fr\/wp-json\/wp\/v2\/media?parent=1159847"}],"wp:term":[{"taxonomy":"category","embeddable":true,"href":"https:\/\/www.europesays.com\/fr\/wp-json\/wp\/v2\/categories?post=1159847"},{"taxonomy":"post_tag","embeddable":true,"href":"https:\/\/www.europesays.com\/fr\/wp-json\/wp\/v2\/tags?post=1159847"}],"curies":[{"name":"wp","href":"https:\/\/api.w.org\/{rel}","templated":true}]}}