{"id":1159861,"date":"2026-08-31T21:31:16","date_gmt":"2026-08-31T21:31:16","guid":{"rendered":"https:\/\/www.europesays.com\/fr\/1159861\/"},"modified":"2026-08-31T21:31:16","modified_gmt":"2026-08-31T21:31:16","slug":"bryan-coquard-devrait-dire-stop-et-switcher-sur-la-piste-apres-la-vuelta-actualite","status":"publish","type":"post","link":"https:\/\/www.europesays.com\/fr\/1159861\/","title":{"rendered":"Bryan Coquard devrait dire stop et switcher sur la piste apr\u00e8s la Vuelta &#8211; Actualit\u00e9"},"content":{"rendered":"<p>Et si le Tour d&rsquo;Espagne \u00e9tait la derni\u00e8re course sur route de Bryan Coquard cette saison ? C&rsquo;est une vraie possibilit\u00e9 et m\u00eame le souhait du <strong><a style=\"color: #000000; text-decoration: underline;\" href=\"https:\/\/www.directvelo.com\/actualite\/131568\/bryan-coquard-le-jour-de-gloire\" target=\"_blank\" rel=\"noopener nofollow\">vainqueur de la huiti\u00e8me \u00e9tape, c&rsquo;\u00e9tait samedi dernier \u00e0 Xeraco.<\/a><\/strong> C&rsquo;est en effet ce que le sprinteur de la formation Cofidis a confi\u00e9 \u00e0 nos confr\u00e8res d&rsquo;Eurosport, ce lundi en d\u00e9but de soir\u00e9e, <strong><a style=\"color: #000000; text-decoration: underline;\" href=\"https:\/\/www.youtube.com\/watch?v=74C-rFZgWRk&amp;t=1848s\" target=\"_blank\" rel=\"noopener nofollow\">\u00e0 l&rsquo;occasion de l&rsquo;\u00e9mission Bistrot V\u00e9lo.<\/a><\/strong>\u00a0<\/p>\n<p>\u00ab\u00a0J&rsquo;aimerais aller au Championnat du Monde sur piste en cette fin de saison\u00a0\u00bb, explique l&rsquo;athl\u00e8te de 34 ans. \u00ab\u00a0L&rsquo;id\u00e9e est de se focaliser sur la piste apr\u00e8s la Vuelta. Avant \u00e7a, la semaine apr\u00e8s le Tour d&rsquo;Espagne, je passerai des tests physiques, des tests de s\u00e9lection, \u00e0 Saint-Quentin-en-Yvelines\u00a0\u00bb. S&rsquo;il est apte, \u00ab le Coq \u00bb basculera ainsi sur la pr\u00e9paration du Mondial et ne disputera pas d&rsquo;autres comp\u00e9titions sur la route en 2026. \u00ab\u00a0Je ne peux pas encore l&rsquo;affirmer car je n&rsquo;ai fait pas pass\u00e9 les tests, mais si \u00e7a le fait, je me focaliserai sur la piste avec certainement un passage par les 3 Jours d&rsquo;Aigle\u00a0\u00bb.\u00a0<\/p>\n<p>Le Mondial sur piste doit se tenir du mercredi 14 au dimanche 18 octobre prochains \u00e0 Shanghai, en Chine.\u00a0<\/p>\n","protected":false},"excerpt":{"rendered":"Et si le Tour d&rsquo;Espagne \u00e9tait la derni\u00e8re course sur route de Bryan Coquard cette saison ? C&rsquo;est&hellip;\n","protected":false},"author":2,"featured_media":1159862,"comment_status":"","ping_status":"","sticky":false,"template":"","format":"standard","meta":{"footnotes":"","_share_on_mastodon":"0"},"categories":[1411],"tags":[834,828,836,829,837,827,83,826,824,823,1154,207,814,817,815,816,822,821,832,211,839,1011,27,820,818,819,835,831,830,833,838,60,212,208,825],"class_list":["post-1159861","post","type-post","status-publish","format-standard","has-post-thumbnail","category-cyclisme","tag-attaque","tag-belgique","tag-braquet","tag-bretagne","tag-chute","tag-competition","tag-coupe-de-france","tag-coureur","tag-course-cyclisme","tag-course-cycliste","tag-cycling","tag-cyclisme","tag-direct","tag-direct-velo","tag-directvelo","tag-directvelo-com","tag-epreuve","tag-epreuve-cycliste","tag-federation-francaise-de-cyclisme","tag-ffc","tag-flandres","tag-fr","tag-france","tag-live","tag-live-course","tag-live-epreuve","tag-peloton","tag-radio-peloton","tag-radio-tour","tag-ravitaillement","tag-relance","tag-sports","tag-uci","tag-velo","tag-velos"],"share_on_mastodon":{"url":"https:\/\/pubeurope.com\/@fr\/117192260748905560","error":""},"_links":{"self":[{"href":"https:\/\/www.europesays.com\/fr\/wp-json\/wp\/v2\/posts\/1159861","targetHints":{"allow":["GET"]}}],"collection":[{"href":"https:\/\/www.europesays.com\/fr\/wp-json\/wp\/v2\/posts"}],"about":[{"href":"https:\/\/www.europesays.com\/fr\/wp-json\/wp\/v2\/types\/post"}],"author":[{"embeddable":true,"href":"https:\/\/www.europesays.com\/fr\/wp-json\/wp\/v2\/users\/2"}],"replies":[{"embeddable":true,"href":"https:\/\/www.europesays.com\/fr\/wp-json\/wp\/v2\/comments?post=1159861"}],"version-history":[{"count":0,"href":"https:\/\/www.europesays.com\/fr\/wp-json\/wp\/v2\/posts\/1159861\/revisions"}],"wp:featuredmedia":[{"embeddable":true,"href":"https:\/\/www.europesays.com\/fr\/wp-json\/wp\/v2\/media\/1159862"}],"wp:attachment":[{"href":"https:\/\/www.europesays.com\/fr\/wp-json\/wp\/v2\/media?parent=1159861"}],"wp:term":[{"taxonomy":"category","embeddable":true,"href":"https:\/\/www.europesays.com\/fr\/wp-json\/wp\/v2\/categories?post=1159861"},{"taxonomy":"post_tag","embeddable":true,"href":"https:\/\/www.europesays.com\/fr\/wp-json\/wp\/v2\/tags?post=1159861"}],"curies":[{"name":"wp","href":"https:\/\/api.w.org\/{rel}","templated":true}]}}