{"id":115988,"date":"2025-05-21T04:36:09","date_gmt":"2025-05-21T04:36:09","guid":{"rendered":"https:\/\/www.europesays.com\/fr\/115988\/"},"modified":"2025-05-21T04:36:09","modified_gmt":"2025-05-21T04:36:09","slug":"polar-pod-pourquoi-le-projet-fou-de-jean-louis-etienne-est-dans-limpasse","status":"publish","type":"post","link":"https:\/\/www.europesays.com\/fr\/115988\/","title":{"rendered":"Polar Pod, pourquoi le projet fou de Jean-Louis \u00c9tienne est dans l\u2019impasse"},"content":{"rendered":"<p><strong>D\u00c9CRYPTAGE <\/strong>&#8211; La construction de cette plateforme cens\u00e9e d\u00e9river autour de l\u2019Antarctique a \u00e9t\u00e9 annonc\u00e9e en 2022, mais le chantier n\u2019a toujours pas commenc\u00e9.<\/p>\n<p class=\"fig-paragraph\">\u00ab\u00a0Je suis tr\u00e8s pers\u00e9v\u00e9rant. Mais je ne suis pas inoxydable.\u00a0\u00bb\u00a0<a href=\"https:\/\/www.lefigaro.fr\/sciences\/2018\/12\/25\/01008-20181225ARTFIG00057-jean-louis-etienne-polar-pod-est-une-aventure-digne-de-jules-verne.php\" data-fig-type=\"Article\" data-gtm-custom-categorie=\"navigation\" data-gtm-custom-action=\"crossclick\" data-gtm-custom-label=\"Contextuel\" data-gtm-event=\"customEventSPE\" data-fig-domain=\"LEFIGARO\" target=\"_blank\" rel=\"noopener\">Jean-Louis \u00c9tienne<\/a>\u00a0a beau ne pas \u00eatre du genre \u00e0 baisser les bras, il se dit \u00ab\u00a0un peu d\u00e9sesp\u00e9r\u00e9\u00a0\u00bb par l\u2019impasse dans laquelle se trouve le Polar Pod. Cela fait 13\u00a0ans que l\u2019explorateur fran\u00e7ais de 78\u00a0ans s\u2019est lanc\u00e9 dans ce projet fou de\u00a0<a href=\"https:\/\/www.lefigaro.fr\/sciences\/avec-polar-pod-jean-louis-etienne-part-a-la-decouverte-de-l-ocean-austral-20210319\" data-fig-type=\"Article\" data-gtm-custom-categorie=\"navigation\" data-gtm-custom-action=\"crossclick\" data-gtm-custom-label=\"Contextuel\" data-gtm-event=\"customEventSPE\" data-fig-domain=\"LEFIGARO\" target=\"_blank\" rel=\"noopener\">plateforme futuriste\u00a0<\/a>cens\u00e9e d\u00e9river pendant trois ans autour de<a href=\"http:\/\/www.lefigaro.fr\/sciences\/sous-l-effet-du-rechauffement-une-region-de-l-antarctique-connait-un-verdissement-accelere-20241004\" target=\"_blank\" data-fig-type=\"Article\" rel=\"noopener\" data-gtm-custom-categorie=\"navigation\" data-gtm-custom-action=\"crossclick\" data-gtm-custom-label=\"Contextuel\" data-gtm-event=\"customEventSPE\" data-fig-domain=\"LEFIGARO\">\u00a0l\u2019Antarctique.\u00a0<\/a>Mais alors que le chantier avait \u00e9t\u00e9 officiellement lanc\u00e9 en 2022, la construction de ce navire hors norme n\u2019a toujours pas d\u00e9marr\u00e9.<\/p>\n<p class=\"fig-paragraph\">\u00c0 mi-chemin entre un phare et une station spatiale, le Polar Pod s\u2019inspire du Flip (pour \u00ab\u00a0floating instrument platform\u00a0\u00bb), sorte de navire \u00e0 la verticale d\u00e9velopp\u00e9 en pleine guerre froide par l\u2019arm\u00e9e am\u00e9ricaine pour espionner les\u00a0<a href=\"http:\/\/www.lefigaro.fr\/international\/londres-decouvre-des-capteurs-russes-autour-de-ses-sous-marins-nucleaires-20250406\" data-fig-type=\"NewsFlash\" data-gtm-custom-categorie=\"navigation\" data-gtm-custom-action=\"crossclick\" data-gtm-custom-label=\"Contextuel\" data-gtm-event=\"customEventSPE\" data-fig-domain=\"LEFIGARO\" target=\"_blank\" rel=\"noopener\">sous-marins<\/a>\u00a0\u00e9trangers. Sans moteur, cette plateforme de 100\u00a0m\u00e8tres de haut (dont 75\u00a0m de tirant d\u2019eau) sera fix\u00e9e sur des treillis g\u00e9ants au travers desquels la mer pourra passer. Elle d\u00e9rivera le long du courant circumpolaire, ses vents l\u00e9gendaires\u2026<\/p>\n<p class=\"fig-premium-paywall__infos\">\n        Cet article est r\u00e9serv\u00e9 aux abonn\u00e9s.        Il vous reste 78% \u00e0 d\u00e9couvrir.\n    <\/p>\n<p>                <img  data- alt=\"Le Figaro\" class=\"fig-img--complete fig-img\"\/><\/p>\n<p class=\"fig-premium-paywall__title\">Vente Flash<\/p>\n<p class=\"fig-premium-paywall__subtitle\">4,99\u20ac par mois pendant 12 mois. Sans engagement.<\/p>\n<p class=\"fig-premium-paywall__connect\">\n                D\u00e9j\u00e0 abonn\u00e9\u00a0?                <a class=\"fig-premium-paywall__connect-link\" href=\"https:\/\/connect.lefigaro.fr\/login?client=horizon_web&amp;type=main&amp;redirect_uri=https%3A%2F%2Fwww.lefigaro.fr%2Fsciences%2Fpolar-pod-pourquoi-le-projet-fou-de-jean-louis-etienne-est-dans-l-impasse-20250520\" data-js-gtm=\"{&quot;customCategorie&quot;: &quot;conversion&quot;, &quot;customAction&quot;: &quot;before_Landing_Connexion_paywall_auto&quot;, &quot;customLabel&quot;: &quot;bGVmaWdhcm8uZnJfXzFmMDM1NzM1LTgwZGYtNjg1Yy1iNTc4LWIzYWU1NGMxNTI4Nl9fQXJ0aWNsZQ==_Polar Pod, pourquoi le projet fou de Jean-Louis \u00c9tienne est dans l\u2019impasse_479&quot;, &quot;customIDSPE&quot;: &quot;bGVmaWdhcm8uZnJfXzFmMDM1NzM1LTgwZGYtNjg1Yy1iNTc4LWIzYWU1NGMxNTI4Nl9fQXJ0aWNsZQ==&quot;, &quot;event&quot;: &quot;customEventSPE&quot;}\" target=\"_blank\" rel=\"noopener\"><br \/>\n                    Connectez-vous<br \/>\n                <\/a>\n            <\/p>\n","protected":false},"excerpt":{"rendered":"D\u00c9CRYPTAGE &#8211; La construction de cette plateforme cens\u00e9e d\u00e9river autour de l\u2019Antarctique a \u00e9t\u00e9 annonc\u00e9e en 2022, mais&hellip;\n","protected":false},"author":2,"featured_media":115989,"comment_status":"","ping_status":"","sticky":false,"template":"","format":"standard","meta":{"footnotes":""},"categories":[7],"tags":[47,49,11,5764,48,1130,51,54,1011,27,52,5140,43,40,41,39,50,42,44,53],"class_list":{"0":"post-115988","1":"post","2":"type-post","3":"status-publish","4":"format-standard","5":"has-post-thumbnail","7":"category-sciences-et-technologies","8":"tag-actualite","9":"tag-actualite-scientifique","10":"tag-actualites","11":"tag-antarctique","12":"tag-astronomie","13":"tag-biodiversite","14":"tag-ecologie","15":"tag-faune-et-flore","16":"tag-fr","17":"tag-france","18":"tag-planete","19":"tag-rechauffement-climatique","20":"tag-science","21":"tag-science-and-technology","22":"tag-sciences","23":"tag-sciences-et-technologies","24":"tag-sciences-humaines","25":"tag-technologies","26":"tag-technology","27":"tag-zoologie"},"share_on_mastodon":{"url":"https:\/\/pubeurope.com\/@fr\/114543970406817514","error":""},"_links":{"self":[{"href":"https:\/\/www.europesays.com\/fr\/wp-json\/wp\/v2\/posts\/115988","targetHints":{"allow":["GET"]}}],"collection":[{"href":"https:\/\/www.europesays.com\/fr\/wp-json\/wp\/v2\/posts"}],"about":[{"href":"https:\/\/www.europesays.com\/fr\/wp-json\/wp\/v2\/types\/post"}],"author":[{"embeddable":true,"href":"https:\/\/www.europesays.com\/fr\/wp-json\/wp\/v2\/users\/2"}],"replies":[{"embeddable":true,"href":"https:\/\/www.europesays.com\/fr\/wp-json\/wp\/v2\/comments?post=115988"}],"version-history":[{"count":0,"href":"https:\/\/www.europesays.com\/fr\/wp-json\/wp\/v2\/posts\/115988\/revisions"}],"wp:featuredmedia":[{"embeddable":true,"href":"https:\/\/www.europesays.com\/fr\/wp-json\/wp\/v2\/media\/115989"}],"wp:attachment":[{"href":"https:\/\/www.europesays.com\/fr\/wp-json\/wp\/v2\/media?parent=115988"}],"wp:term":[{"taxonomy":"category","embeddable":true,"href":"https:\/\/www.europesays.com\/fr\/wp-json\/wp\/v2\/categories?post=115988"},{"taxonomy":"post_tag","embeddable":true,"href":"https:\/\/www.europesays.com\/fr\/wp-json\/wp\/v2\/tags?post=115988"}],"curies":[{"name":"wp","href":"https:\/\/api.w.org\/{rel}","templated":true}]}}