{"id":1159893,"date":"2026-08-31T21:50:46","date_gmt":"2026-08-31T21:50:46","guid":{"rendered":"https:\/\/www.europesays.com\/fr\/1159893\/"},"modified":"2026-08-31T21:50:46","modified_gmt":"2026-08-31T21:50:46","slug":"evenement-partenaire-la-5%e1%b5%89-edition-du-village-des-solutions-de-demain-factuel","status":"publish","type":"post","link":"https:\/\/www.europesays.com\/fr\/1159893\/","title":{"rendered":"[\u00c9v\u00e9nement partenaire] La 5\u1d49 \u00e9dition du Village des Solutions de Demain &#8211; Factuel"},"content":{"rendered":"<p style=\"margin-bottom:0; line-height:2;\">Temps de lecture : 3 minutes<\/p>\n<p> Copier le lienInformations pratiques<\/p>\n<p><strong>Localisation : <\/strong>H\u00f4tel du D\u00e9partement, 48 Esplanade Jacques Baudot, 54000 Nancy<\/p>\n<p> <strong>Date de d\u00e9but :<\/strong> 06\/11\/2026 13:00 <strong>Date de fin : <\/strong> 07\/11\/2026 19:00<\/p>\n<p class=\"has-contrast-color has-text-color has-link-color wp-elements-e0c17bab72a61a9ead2132f4143e57b7 wp-block-paragraph\">Les 6 et 7 novembre 2026, le <a href=\"https:\/\/www.meurthe-et-moselle.fr\/agenda\/village-des-solutions-de-demain-2026\" target=\"_blank\" rel=\"noreferrer noopener nofollow\"><strong>Village des Solutions de Demain<\/strong><\/a><strong> <\/strong>revient pour sa 5\u1d49 \u00e9dition. Partenaire de l\u2019\u00e9v\u00e9nement, l\u2019Universit\u00e9 de Lorraine, et notamment la mission Transition \u00e9cologique (D\u00e9l\u00e9gation RSE) s\u2019associe \u00e0 ce rendez-vous d\u00e9di\u00e9 aux initiatives solidaires, innovantes et engag\u00e9es dans les transitions !<\/p>\n<p class=\"wp-block-paragraph\">Pendant deux jours, plus de <strong>80 exposantes et exposants<\/strong> seront r\u00e9unis pour pr\u00e9senter leurs projets, produits et services autour de l\u2019<strong>\u00c9conomie sociale et solidaire (ESS)<\/strong>.<\/p>\n<p class=\"has-contrast-color has-text-color has-link-color wp-elements-2ff24bbb904b96d273b1c7f748fb993f wp-block-paragraph\">Ouvert \u00e0 toutes et \u00e0 tous, le Village des Solutions de Demain propose de d\u00e9couvrir des initiatives qui r\u00e9pondent aux enjeux des transitions et s\u2019inscrivent dans les valeurs de l\u2019ESS : <strong>ancrage local, utilit\u00e9 sociale, respect de l\u2019environnement, gouvernance d\u00e9mocratique et partage de la valeur<\/strong> !<\/p>\n<p>Les achats responsables \u00e0 l\u2019honneur<\/p>\n<p class=\"wp-block-paragraph\">Pour cette 5\u1d49 \u00e9dition, la programmation met notamment \u00e0 l\u2019honneur les <strong>achats responsables<\/strong>. Plusieurs animations permettront de d\u00e9couvrir des alternatives concr\u00e8tes et de valoriser les acteurs engag\u00e9s du territoire.<\/p>\n<p class=\"wp-block-paragraph\">Parmi les temps forts du week-end :<\/p>\n<ul class=\"wp-block-list\">\n<li>un <strong>d\u00e9fil\u00e9 de mode durable<\/strong> ;<\/li>\n<li>un <strong>vide-dressing<\/strong> ;<\/li>\n<li>la remise du <strong>Prix du Village des Solutions de Demain<\/strong>, d\u00e9cern\u00e9 par les entrepreneurs \u00e0 l\u2019un de leurs pairs ;<\/li>\n<li>la remise du <strong>Troph\u00e9e de l\u2019encouragement<\/strong>, qui r\u00e9compensera le projet coup de c\u0153ur du public.<\/li>\n<\/ul>\n<p class=\"wp-block-paragraph\">Ces diff\u00e9rents rendez-vous seront autant d\u2019occasions de d\u00e9couvrir, d\u2019\u00e9changer et de s\u2019interroger sur les mani\u00e8res de contribuer aux transitions et \u00e0 l\u2019\u00e9conomie de demain.<\/p>\n<p>Un temps fort avec Maud Sarda<\/p>\n<p class=\"wp-block-paragraph\">Autre temps fort de cette \u00e9dition : la venue de <strong>Maud Sarda<\/strong>, cofondatrice du Label Emma\u00fcs et co-pr\u00e9sidente des Licoornes.<\/p>\n<p class=\"wp-block-paragraph\">Figure de l\u2019innovation sociale, elle interviendra le <strong>vendredi 6 novembre \u00e0 18h<\/strong> pour partager son exp\u00e9rience et \u00e9changer autour de plusieurs enjeux :<\/p>\n<ul class=\"wp-block-list\">\n<li>les coop\u00e9rations entre les structures de l\u2019ESS et les entreprises dites \u00ab classiques \u00bb ;<\/li>\n<li>les nouveaux mod\u00e8les \u00e9conomiques ;<\/li>\n<li>les strat\u00e9gies permettant de concilier <strong>impact social, performance \u00e9conomique et respect de l\u2019environnement<\/strong>.<\/li>\n<\/ul>\n<p class=\"wp-block-paragraph\">Cette rencontre sera l\u2019occasion de d\u00e9couvrir des pistes de coop\u00e9ration et de r\u00e9fl\u00e9chir collectivement aux mod\u00e8les \u00e9conomiques de demain.<\/p>\n<p class=\"wp-block-paragraph\"><strong>La conf\u00e9rence est gratuite et accessible sur inscription obligatoire.<\/strong> Les modalit\u00e9s d\u2019inscription seront communiqu\u00e9es prochainement.<\/p>\n<p>Informations pratiques :<\/p>\n<ul class=\"wp-block-list\">\n<li><strong>Date et horaires <\/strong>: vendredi 6 novembre 2026, de 13h \u00e0 18h (Conf\u00e9rence de Maud Sarda \u00e0 18h) et le samedi 7 novembre 2026, de 13h \u00e0 19h<\/li>\n<li><strong>Lieu <\/strong>: H\u00f4tel du D\u00e9partement \u2013 48, esplanade Jacques Baudot, 54035 Nancy Cedex<\/li>\n<li><strong>Modalit\u00e9s <\/strong>: Entr\u00e9e libre \u00b7 Restauration sur place \u00b7 Parking gratuit \u00b7 Acc\u00e8s PMR<\/li>\n<\/ul>\n<p><\/p>\n","protected":false},"excerpt":{"rendered":"Temps de lecture : 3 minutes Copier le lienInformations pratiques Localisation : H\u00f4tel du D\u00e9partement, 48 Esplanade Jacques&hellip;\n","protected":false},"author":2,"featured_media":1159894,"comment_status":"","ping_status":"","sticky":false,"template":"","format":"standard","meta":{"footnotes":"","_share_on_mastodon":"0"},"categories":[9635],"tags":[1111,11,1777,674,1011,27,775,1702,12,25],"class_list":["post-1159893","post","type-post","status-publish","format-standard","has-post-thumbnail","category-nancy","tag-actu","tag-actualites","tag-eu","tag-europe","tag-fr","tag-france","tag-grand-est","tag-nancy","tag-news","tag-republique-francaise"],"share_on_mastodon":{"url":"https:\/\/pubeurope.com\/@fr\/117192335462247632","error":""},"_links":{"self":[{"href":"https:\/\/www.europesays.com\/fr\/wp-json\/wp\/v2\/posts\/1159893","targetHints":{"allow":["GET"]}}],"collection":[{"href":"https:\/\/www.europesays.com\/fr\/wp-json\/wp\/v2\/posts"}],"about":[{"href":"https:\/\/www.europesays.com\/fr\/wp-json\/wp\/v2\/types\/post"}],"author":[{"embeddable":true,"href":"https:\/\/www.europesays.com\/fr\/wp-json\/wp\/v2\/users\/2"}],"replies":[{"embeddable":true,"href":"https:\/\/www.europesays.com\/fr\/wp-json\/wp\/v2\/comments?post=1159893"}],"version-history":[{"count":0,"href":"https:\/\/www.europesays.com\/fr\/wp-json\/wp\/v2\/posts\/1159893\/revisions"}],"wp:featuredmedia":[{"embeddable":true,"href":"https:\/\/www.europesays.com\/fr\/wp-json\/wp\/v2\/media\/1159894"}],"wp:attachment":[{"href":"https:\/\/www.europesays.com\/fr\/wp-json\/wp\/v2\/media?parent=1159893"}],"wp:term":[{"taxonomy":"category","embeddable":true,"href":"https:\/\/www.europesays.com\/fr\/wp-json\/wp\/v2\/categories?post=1159893"},{"taxonomy":"post_tag","embeddable":true,"href":"https:\/\/www.europesays.com\/fr\/wp-json\/wp\/v2\/tags?post=1159893"}],"curies":[{"name":"wp","href":"https:\/\/api.w.org\/{rel}","templated":true}]}}