{"id":1159895,"date":"2026-08-31T21:52:29","date_gmt":"2026-08-31T21:52:29","guid":{"rendered":"https:\/\/www.europesays.com\/fr\/1159895\/"},"modified":"2026-08-31T21:52:29","modified_gmt":"2026-08-31T21:52:29","slug":"vandoeuvre-nancy-volley-ball-la-stabilite-pourrait-elle-faire-la-difference-cette-saison","status":"publish","type":"post","link":"https:\/\/www.europesays.com\/fr\/1159895\/","title":{"rendered":"Vandoeuvre Nancy Volley-Ball\u00a0: la stabilit\u00e9 pourrait-elle faire la diff\u00e9rence cette saison\u00a0?"},"content":{"rendered":"<p>\u00c0 l&rsquo;aube d&rsquo;une nouvelle saison, le Vandoeuvre Nancy Volley-Ball mise sur la stabilit\u00e9. Contrairement \u00e0 l&rsquo;an dernier et son effectif remani\u00e9 \u00e0 90\u00a0%, le club conserve une solide ossature pour faciliter l&rsquo;int\u00e9gration des recrues. Laurent Pilloni re\u00e7oit le directeur sportif Fabien Pelc dans 100% SPORTS.<\/p>\n<p>La phase de pr\u00e9paration bat son plein du c\u00f4t\u00e9 du <a target=\"_blank\" rel=\"nofollow noopener noreferrer\" aria-label=\"undefined, ouverture dans un nouvel onglet\" class=\"IciLink ici-link IciArticleLink g-ici-body-regular-1 underline brand svelte-1chfe2s\" href=\"https:\/\/www.vnvb.fr\/\">Vandoeuvre Nancy Volley-Ball,<\/a> mais l&rsquo;ambiance y est bien diff\u00e9rente de celle de l&rsquo;\u00e9t\u00e9 dernier. Il y a un an, l&rsquo;entra\u00eeneur Nicola Vettori devait composer avec un groupe presque totalement renouvel\u00e9. Un chantier colossal qui demandait de repartir de z\u00e9ro ou presque. Cet \u00e9t\u00e9, le d\u00e9cor a chang\u00e9\u00a0: la direction vandop\u00e9rienne a fait le choix fort de la continuit\u00e9.<\/p>\n<p>En conservant l&rsquo;ossature majeure de l&rsquo;effectif pr\u00e9c\u00e9dent, le club s&rsquo;offre une longueur d&rsquo;avance pr\u00e9cieuse. Les automatismes ne sont pas tous \u00e0 construire, les rep\u00e8res collectifs existent d\u00e9j\u00e0 et la culture tactique du coach est d\u00e9sormais bien assimil\u00e9e par les cadres de l&rsquo;\u00e9quipe. Cette stabilit\u00e9 voulue par l&rsquo;a\u00e9ropage nanc\u00e9ien constitue un socle id\u00e9al pour int\u00e9grer harmonieusement les nouvelles recrues, arriv\u00e9es dans un environnement d\u00e9j\u00e0 structur\u00e9 et rassurant.<\/p>\n<p>Un vrai gain de temps\u00a0?<\/p>\n<p>D\u00e8s lors, \u00e0 quoi faut-il s&rsquo;attendre sur le terrain dans les semaines \u00e0 venir\u00a0? Sur le plan du jeu, ce gain de temps dans la coh\u00e9sion pourrait permettre aux Vandop\u00e9riennes d&rsquo;afficher une plus grande fluidit\u00e9 tactique et une agressivit\u00e9 constante d\u00e8s les premi\u00e8res journ\u00e9es de championnat. L&rsquo;enjeu sera d&rsquo;\u00e9lever encore le niveau de jeu global pour r\u00e9pondre aux ambitions grandissantes du club.<\/p>\n<p>Pour d\u00e9crypter ces r\u00e9glages estivaux, mesurer l&rsquo;impact des nouvelles arrivantes et projeter le VNVB vers ses futurs objectifs, Laurent Pilloni, re\u00e7oit dans <strong>100% SPORTS<\/strong> le directeur sportif du Vandoeuvre Nancy Volley-Ball, Fabien Pelc, pour un point complet sur les ambitions et les chantiers de cette nouvelle campagne.<\/p>\n<p>\u00c0 lire aussi   <img decoding=\"async\" src=\"https:\/\/www.europesays.com\/fr\/wp-content\/uploads\/2026\/08\/1787679438_919_400x400.jpeg\" alt=\"\" style=\"--_image-preview:url('data:image\/jpeg;base64,\/9j\/2wBDACgcHiMeGSgjISMtKygwPGRBPDc3PHtYXUlkkYCZlo+AjIqgtObDoKrarYqMyP\/L2u71\/\/\/\/m8H\/\/\/\/6\/+b9\/\/j\/2wBDASstLTw1PHZBQXb4pYyl+Pj4+Pj4+Pj4+Pj4+Pj4+Pj4+Pj4+Pj4+Pj4+Pj4+Pj4+Pj4+Pj4+Pj4+Pj4+Pj4+Pj\/wAARCAAXACoDASIAAhEBAxEB\/8QAGAABAQEBAQAAAAAAAAAAAAAAAAIDAQX\/xAAYEAEBAQEBAAAAAAAAAAAAAAAAARECEv\/EABUBAQEAAAAAAAAAAAAAAAAAAAAB\/8QAFREBAQAAAAAAAAAAAAAAAAAAAAH\/2gAMAwEAAhEDEQA\/APPkVISLkFThjTyYKmK1Nc0HI05gA0kcsBSs+kAI\/9k=');\" loading=\"lazy\" fetchpriority=\"low\" aria-hidden=\"true\" class=\"svelte-1cksh76 rounded\" onload=\"this.__e=event\" onerror=\"this.__e=event\"\/><\/p>\n","protected":false},"excerpt":{"rendered":"\u00c0 l&rsquo;aube d&rsquo;une nouvelle saison, le Vandoeuvre Nancy Volley-Ball mise sur la stabilit\u00e9. Contrairement \u00e0 l&rsquo;an dernier et&hellip;\n","protected":false},"author":2,"featured_media":1159896,"comment_status":"","ping_status":"","sticky":false,"template":"","format":"standard","meta":{"footnotes":"","_share_on_mastodon":"0"},"categories":[9635],"tags":[1111,11,1777,674,1011,27,775,1702,12,25],"class_list":["post-1159895","post","type-post","status-publish","format-standard","has-post-thumbnail","category-nancy","tag-actu","tag-actualites","tag-eu","tag-europe","tag-fr","tag-france","tag-grand-est","tag-nancy","tag-news","tag-republique-francaise"],"share_on_mastodon":{"url":"https:\/\/pubeurope.com\/@fr\/117192344914437050","error":""},"_links":{"self":[{"href":"https:\/\/www.europesays.com\/fr\/wp-json\/wp\/v2\/posts\/1159895","targetHints":{"allow":["GET"]}}],"collection":[{"href":"https:\/\/www.europesays.com\/fr\/wp-json\/wp\/v2\/posts"}],"about":[{"href":"https:\/\/www.europesays.com\/fr\/wp-json\/wp\/v2\/types\/post"}],"author":[{"embeddable":true,"href":"https:\/\/www.europesays.com\/fr\/wp-json\/wp\/v2\/users\/2"}],"replies":[{"embeddable":true,"href":"https:\/\/www.europesays.com\/fr\/wp-json\/wp\/v2\/comments?post=1159895"}],"version-history":[{"count":0,"href":"https:\/\/www.europesays.com\/fr\/wp-json\/wp\/v2\/posts\/1159895\/revisions"}],"wp:featuredmedia":[{"embeddable":true,"href":"https:\/\/www.europesays.com\/fr\/wp-json\/wp\/v2\/media\/1159896"}],"wp:attachment":[{"href":"https:\/\/www.europesays.com\/fr\/wp-json\/wp\/v2\/media?parent=1159895"}],"wp:term":[{"taxonomy":"category","embeddable":true,"href":"https:\/\/www.europesays.com\/fr\/wp-json\/wp\/v2\/categories?post=1159895"},{"taxonomy":"post_tag","embeddable":true,"href":"https:\/\/www.europesays.com\/fr\/wp-json\/wp\/v2\/tags?post=1159895"}],"curies":[{"name":"wp","href":"https:\/\/api.w.org\/{rel}","templated":true}]}}