{"id":1159897,"date":"2026-08-31T21:55:16","date_gmt":"2026-08-31T21:55:16","guid":{"rendered":"https:\/\/www.europesays.com\/fr\/1159897\/"},"modified":"2026-08-31T21:55:16","modified_gmt":"2026-08-31T21:55:16","slug":"top-14-quand-fickou-compare-toulon-a-lom","status":"publish","type":"post","link":"https:\/\/www.europesays.com\/fr\/1159897\/","title":{"rendered":"Top 14 : quand Fickou compare Toulon \u00e0 l&rsquo;OM"},"content":{"rendered":"<p>Vingt ans apr\u00e8s ses d\u00e9buts dans le Var, Ga\u00ebl Fickou est de retour au RC Toulon.<\/p>\n<p class=\"wp-block-paragraph\">C\u2019est un retour aux sources pour Ga\u00ebl Fickou. Principal transfert fran\u00e7ais de l\u2019\u00e9t\u00e9, le centre aux 98 s\u00e9lections avec le XV de France s\u2019appr\u00eate \u00e0 d\u00e9couvrir le maillot toulonnais chez les professionnels. \u00ab\u00a0\u00c7a a toujours \u00e9t\u00e9 un r\u00eave pour moi de porter ce maillot\u00a0\u00bb, a confi\u00e9 l\u2019ancien joueur du Racing 92 \u00e0 l\u2019AFP. Et l\u2019international tricolore sait parfaitement \u00e0 quoi s\u2019attendre dans le Var : \u00ab\u00a0Toulon, c\u2019est un peu comme l\u2019Olympique de Marseille : il y a une ferveur exceptionnelle, avec des avantages et des inconv\u00e9nients.\u00a0\u00bb<\/p>\n<p class=\"wp-block-paragraph\">Encore sous contrat pour deux saisons avec le Racing, Fickou a choisi de partir pour retrouver un environnement capable de le stimuler. \u00ab\u00a0J\u2019avais besoin de me challenger, et o\u00f9 est-ce que je pouvais le faire mieux qu\u2019ici ?\u00a0\u00bb, a-t-il expliqu\u00e9. Il esp\u00e8re \u00e9galement retrouver un rugby davantage conforme \u00e0 ses qualit\u00e9s, estimant \u00eatre \u00ab\u00a0plus un joueur d\u2019\u00e9vitement\u00a0\u00bb. La philosophie de Pierre Mignoni et Franck Az\u00e9ma, tourn\u00e9e vers les espaces et le mouvement, a ainsi pes\u00e9 dans son choix.<\/p>\n<p>La Coupe du monde 2027 dans un coin de la t\u00eate<\/p>\n<p class=\"wp-block-paragraph\">Ce nouveau d\u00e9part doit \u00e9galement permettre \u00e0 Fickou de rester dans la course au XV de France \u00e0 un an du Mondial en Australie. Le centre sait cependant que son statut ne lui garantira rien : \u00ab\u00a0Fabien Galthi\u00e9 ne prendra que les meilleurs. Donc \u00e0 moi d\u2019\u00eatre bon avec Toulon.\u00a0\u00bb<\/p>\n<p class=\"wp-block-paragraph\">Apr\u00e8s la neuvi\u00e8me place du RCT la saison derni\u00e8re, l\u2019objectif sera aussi de replacer le club dans le haut du classement. Fickou ne cache pas ses ambitions et veut apporter son exp\u00e9rience \u00e0 un effectif tr\u00e8s concurrentiel. \u00ab\u00a0Mon objectif est d\u2019aider l\u2019\u00e9quipe en performant, avec mon exp\u00e9rience et mon rugby, parce que je pense avoir encore plein de choses \u00e0 montrer\u00a0\u00bb. Une nouvelle aventure qu\u2019il abordera avec une motivation particuli\u00e8re : celle de d\u00e9fendre enfin, au plus haut niveau, un maillot dont il r\u00eavait depuis ses d\u00e9buts.<\/p>\n","protected":false},"excerpt":{"rendered":"Vingt ans apr\u00e8s ses d\u00e9buts dans le Var, Ga\u00ebl Fickou est de retour au RC Toulon. C\u2019est un&hellip;\n","protected":false},"author":2,"featured_media":1159898,"comment_status":"","ping_status":"","sticky":false,"template":"","format":"standard","meta":{"footnotes":"","_share_on_mastodon":"0"},"categories":[9619],"tags":[1111,11,1777,674,1011,27,12,882,25,2310],"class_list":["post-1159897","post","type-post","status-publish","format-standard","has-post-thumbnail","category-toulon","tag-actu","tag-actualites","tag-eu","tag-europe","tag-fr","tag-france","tag-news","tag-provence-alpes-cote-dazur","tag-republique-francaise","tag-toulon"],"share_on_mastodon":{"url":"https:\/\/pubeurope.com\/@fr\/117192355269266077","error":""},"_links":{"self":[{"href":"https:\/\/www.europesays.com\/fr\/wp-json\/wp\/v2\/posts\/1159897","targetHints":{"allow":["GET"]}}],"collection":[{"href":"https:\/\/www.europesays.com\/fr\/wp-json\/wp\/v2\/posts"}],"about":[{"href":"https:\/\/www.europesays.com\/fr\/wp-json\/wp\/v2\/types\/post"}],"author":[{"embeddable":true,"href":"https:\/\/www.europesays.com\/fr\/wp-json\/wp\/v2\/users\/2"}],"replies":[{"embeddable":true,"href":"https:\/\/www.europesays.com\/fr\/wp-json\/wp\/v2\/comments?post=1159897"}],"version-history":[{"count":0,"href":"https:\/\/www.europesays.com\/fr\/wp-json\/wp\/v2\/posts\/1159897\/revisions"}],"wp:featuredmedia":[{"embeddable":true,"href":"https:\/\/www.europesays.com\/fr\/wp-json\/wp\/v2\/media\/1159898"}],"wp:attachment":[{"href":"https:\/\/www.europesays.com\/fr\/wp-json\/wp\/v2\/media?parent=1159897"}],"wp:term":[{"taxonomy":"category","embeddable":true,"href":"https:\/\/www.europesays.com\/fr\/wp-json\/wp\/v2\/categories?post=1159897"},{"taxonomy":"post_tag","embeddable":true,"href":"https:\/\/www.europesays.com\/fr\/wp-json\/wp\/v2\/tags?post=1159897"}],"curies":[{"name":"wp","href":"https:\/\/api.w.org\/{rel}","templated":true}]}}