{"id":1159901,"date":"2026-08-31T21:57:15","date_gmt":"2026-08-31T21:57:15","guid":{"rendered":"https:\/\/www.europesays.com\/fr\/1159901\/"},"modified":"2026-08-31T21:57:15","modified_gmt":"2026-08-31T21:57:15","slug":"mercato-mhsc-le-montpellier-herault-tient-le-remplacant-denzo-tchato-officiel","status":"publish","type":"post","link":"https:\/\/www.europesays.com\/fr\/1159901\/","title":{"rendered":"Mercato MHSC &#8211; Le Montpellier H\u00e9rault tient le rempla\u00e7ant d&rsquo;Enzo Tchato (officiel)"},"content":{"rendered":"<p><strong>Le MHSC renforce sa ligne d\u00e9fensive avec l&rsquo;arriv\u00e9e d&rsquo;Alpha Sissoko.<\/strong><\/p>\n<p>Libre de tout contrat apr\u00e8s deux saisons pass\u00e9es sous les couleurs de l&rsquo;En Avant Guingamp, <a href=\"https:\/\/madeinfoot.ouest-france.fr\/joueur\/nelson-alpha-sissoko-446033.html\" rel=\"nofollow noopener\" target=\"_blank\">Alpha Sissoko<\/a> (29 ans) vient de s&rsquo;engager, ce lundi en fin d&rsquo;apr\u00e8s-midi, en faveur du <a href=\"https:\/\/madeinfoot.ouest-france.fr\/club\/montpellier-906\/\" rel=\"nofollow noopener\" target=\"_blank\">Montpellier H\u00e9rault Sport Club<\/a>. Le d\u00e9fenseur lat\u00e9ral droit, \u00e9galement pass\u00e9 par l&rsquo;AS Saint-Etienne (2019-2022, 10 matches), a sign\u00e9 un contrat de trois ans avec la formation pailladine, soit jusqu&rsquo;au 30 juin 2029. Sous ses nouvelles couleurs du MHSC, le natif de Bondy arborera le num\u00e9ro 58.<\/p>\n<p>LES PREMIERS MOTS D&rsquo;ALPHA SISSOKO AVEC LE MHSC<\/p>\n<p>\u00ab\u00a0C\u2019est d\u2019abord une grande fiert\u00e9 de me retrouver dans un club embl\u00e9matique comme le MHSC. Je n\u2019ai qu\u2019une h\u00e2te, c\u2019est de d\u00e9buter cette saison. J\u2019ai pour objectif d\u2019apporter un plus \u00e0 l\u2019effectif et si \u00e7a peut permettre d\u2019aider l\u2019\u00e9quipe \u00e0 atteindre ses objectifs, j\u2019en serai d\u2019autant plus fier. Sur un plan plus personnel, j\u2019esp\u00e8re prendre un maximum de plaisir ici. L\u2019\u00e9quipe a bien commenc\u00e9 la saison mais la Ligue 2 est un championnat o\u00f9 l\u2019on n\u2019a pas sp\u00e9cialement de marge, donc il ne faudra pas baisser de pied mais je suis persuad\u00e9 qu\u2019il y a de quoi faire de bonnes choses cette saison. Pour moi, la place du MHSC est dans l\u2019\u00e9lite du football fran\u00e7ais\u00a0\u00bb, a indiqu\u00e9 le nouveau joueur du MHSC.<\/p>\n","protected":false},"excerpt":{"rendered":"Le MHSC renforce sa ligne d\u00e9fensive avec l&rsquo;arriv\u00e9e d&rsquo;Alpha Sissoko. Libre de tout contrat apr\u00e8s deux saisons pass\u00e9es&hellip;\n","protected":false},"author":2,"featured_media":1159902,"comment_status":"","ping_status":"","sticky":false,"template":"","format":"standard","meta":{"footnotes":"","_share_on_mastodon":"0"},"categories":[9599],"tags":[1111,11,1777,674,1011,27,2208,12,2680,25],"class_list":["post-1159901","post","type-post","status-publish","format-standard","has-post-thumbnail","category-montpellier","tag-actu","tag-actualites","tag-eu","tag-europe","tag-fr","tag-france","tag-montpellier","tag-news","tag-occitanie","tag-republique-francaise"],"share_on_mastodon":{"url":"https:\/\/pubeurope.com\/@fr\/117192363140998730","error":""},"_links":{"self":[{"href":"https:\/\/www.europesays.com\/fr\/wp-json\/wp\/v2\/posts\/1159901","targetHints":{"allow":["GET"]}}],"collection":[{"href":"https:\/\/www.europesays.com\/fr\/wp-json\/wp\/v2\/posts"}],"about":[{"href":"https:\/\/www.europesays.com\/fr\/wp-json\/wp\/v2\/types\/post"}],"author":[{"embeddable":true,"href":"https:\/\/www.europesays.com\/fr\/wp-json\/wp\/v2\/users\/2"}],"replies":[{"embeddable":true,"href":"https:\/\/www.europesays.com\/fr\/wp-json\/wp\/v2\/comments?post=1159901"}],"version-history":[{"count":0,"href":"https:\/\/www.europesays.com\/fr\/wp-json\/wp\/v2\/posts\/1159901\/revisions"}],"wp:featuredmedia":[{"embeddable":true,"href":"https:\/\/www.europesays.com\/fr\/wp-json\/wp\/v2\/media\/1159902"}],"wp:attachment":[{"href":"https:\/\/www.europesays.com\/fr\/wp-json\/wp\/v2\/media?parent=1159901"}],"wp:term":[{"taxonomy":"category","embeddable":true,"href":"https:\/\/www.europesays.com\/fr\/wp-json\/wp\/v2\/categories?post=1159901"},{"taxonomy":"post_tag","embeddable":true,"href":"https:\/\/www.europesays.com\/fr\/wp-json\/wp\/v2\/tags?post=1159901"}],"curies":[{"name":"wp","href":"https:\/\/api.w.org\/{rel}","templated":true}]}}