{"id":1159903,"date":"2026-08-31T21:58:14","date_gmt":"2026-08-31T21:58:14","guid":{"rendered":"https:\/\/www.europesays.com\/fr\/1159903\/"},"modified":"2026-08-31T21:58:14","modified_gmt":"2026-08-31T21:58:14","slug":"a-rouen-apres-lorage-hors-norme-la-reouverture-du-centre-de-loisirs-cambriole-est-decalee","status":"publish","type":"post","link":"https:\/\/www.europesays.com\/fr\/1159903\/","title":{"rendered":"\u00c0 Rouen, apr\u00e8s l\u2019orage hors norme, la r\u00e9ouverture du centre de loisirs cambriol\u00e9 est d\u00e9cal\u00e9e"},"content":{"rendered":"<p>\tFerm\u00e9 depuis son cambriolage fin juillet 2026, le centre de loisirs \u00ab\u00a0Le Petit Prince\u00a0\u00bb rouvrira finalement avec une semaine de retard. Le retour \u00e0 la normale est ralenti par les cons\u00e9quences de l\u2019orage qui s\u2019est abattu sur Rouen, vendredi 28 ao\u00fbt 2026.<\/p>\n<p>   Article r\u00e9serv\u00e9 aux abonn\u00e9s<\/p>\n<p>                    <a href=\"https:\/\/google.com\/preferences\/source?q=paris-normandie.fr\" target=\"_blank\" class=\"r-btn r-btn--outline-dark r-btn--google js-datalayer-click\" title=\"Ajouter sur Google\" data-clic-category=\"article\" data-clic-component=\"pr\u00e9f\u00e9rences\" data-clic-element-type=\"CTA\" data-clic-element-name=\"source\" pr=\"\" google=\"\" rel=\"nofollow noopener\"><\/p>\n<p>                      Ajouter Paris Normandie sur Google<br \/>\n                  <\/a><\/p>\n<p>  <img decoding=\"async\" data-copyright=\"PND\" class=\"r-img\"  typeof=\"foaf:Image\" src=\"https:\/\/www.europesays.com\/fr\/wp-content\/uploads\/2026\/08\/1788213494_316_94216467.jpeg\" alt=\"Apr\u00e8s le cambriolage, les d\u00e9gradations \u00e9taient telles que le centre de loisirs a d\u00fb fermer ses portes.\"\/>  <\/p>\n<p>Article<\/p>\n<p>  <img decoding=\"async\" class=\"r-img lazyloaded\" src=\"\/sites\/all\/themes\/enacarbon_pn\/images\/pn_logo_gris.png\" alt=\"Image auteur par d\u00e9faut\"\/><\/p>\n<p>\tPubli\u00e9: 31 Ao\u00fbt 2026 \u00e0 17h47<\/p>\n<p>Temps de lecture:<br \/>\n1 min<\/p>\n<p>Apr\u00e8s avoir subi 80 000 euros de d\u00e9g\u00e2ts lors de son cambriolage en juillet 2026, le centre de loisirs maternel municipal \u00ab\u00a0Le Petit Prince\u00a0\u00bb, situ\u00e9\u00a0rue des <a href=\"https:\/\/share.google\/mp3a7rwxD2YMljO3U\" target=\"_blank\" rel=\"nofollow noopener\">Petites-Eaux de Robec<\/a>, a temporairement ferm\u00e9 ses portes.<\/p>\n<p>Sur place, les intrus ont d\u00e9rob\u00e9 du mat\u00e9riel \u2013 appareils audiovisuels, vid\u00e9oprojecteur etc. \u2013 mais se sont aussi attaqu\u00e9s aux locaux.<\/p>\n<p>Mercredi 2 septembre 2026, l\u2019accueil des petits se fera une fois de plus \u00e0 l\u2019\u00e9cole maternelle Thomas-Corneille, situ\u00e9e non loin. \u00ab\u00a0Le Petit Prince\u00a0\u00bb, quant \u00e0 lui, devrait de nouveau ouvrir ses portes la semaine suivante.<\/p>\n<p>&#13;<br \/>\n&#13;<\/p>\n<p>&#13;<br \/>\n&#13;<\/p>\n<p>&#13;<br \/>\n&#13;<\/p>\n<p>      Cet article est r\u00e9serv\u00e9 aux abonn\u00e9s.<\/p>\n<p><strong>D\u00e9couvrez la suite<\/strong><\/p>\n<p>Sans engagement<\/p>\n<p>        <a onclick=\"dataLayer.push({&#039;event&#039;: &#039;PWClick&#039;,&#039;PWVersion&#039;: &#039;PW_en_dur&#039;,&#039;CTAClass&#039;:&#039;Je m\\&#039;abonne&#039;})\" class=\"r-btn r-btn--secondary\" target=\"_self\" id=\"btn_paywall_subscribe\" href=\"https:\/\/abonnement.paris-normandie.fr\/?int_source=paris_normandie&amp;int_medium=paywall_connecte&amp;int_campaign=dpi\" rel=\"nofollow noopener\">Je m&rsquo;abonne<\/a><\/p>\n<ul>\n<li>Acc\u00e8s illimit\u00e9 aux articles<\/li>\n<li>Journal en version num\u00e9rique<\/li>\n<li>Partage famille : 3 comptes<\/li>\n<\/ul>\n<p>      Pour continuer de lire cet article <br \/>ABONNEZ-VOUS<\/p>\n<p>        <a onclick=\"dataLayer.push({&#039;event&#039;: &#039;PWClick&#039;,&#039;PWVersion&#039;: &#039;PW_en_dur&#039;,&#039;CTAClass&#039;:&#039;Je m\\&#039;abonne&#039;})\" class=\"r-btn r-btn--secondary\" id=\"btn_paywall_subscribe\" target=\"_self\" href=\"https:\/\/abonnement.paris-normandie.fr\/?int_source=paris_normandie&amp;int_medium=paywall_anonyme&amp;int_campaign=dpi\" rel=\"nofollow noopener\">Je m&rsquo;abonne<\/a><\/p>\n<ul>\n<li>Acc\u00e8s illimit\u00e9 aux articles<\/li>\n<li>Journal en version num\u00e9rique 7j\/7<\/li>\n<li>Partage famille : 3 comptes<\/li>\n<\/ul>\n<p>D\u00e9j\u00e0 abonn\u00e9 ?<a class=\"bu_paywall_cp_anonyme js-sso--url\" id=\"btn_paywall_login\" href=\"https:\/\/ssov3.paris-normandie.fr\/product\/redirect?product_id=fr_parisnormandie&amp;return_to=[current-page:js-url]\" rel=\"nofollow noopener\" target=\"_blank\">Je m&rsquo;identifie<\/a><\/p>\n<p>Contenus sponsoris\u00e9s<\/p>\n<p>&#13;<br \/>\n&#13;<\/p>\n<p>&#13;<br \/>\n&#13;<\/p>\n","protected":false},"excerpt":{"rendered":"Ferm\u00e9 depuis son cambriolage fin juillet 2026, le centre de loisirs \u00ab\u00a0Le Petit Prince\u00a0\u00bb rouvrira finalement avec une&hellip;\n","protected":false},"author":2,"featured_media":1159904,"comment_status":"","ping_status":"","sticky":false,"template":"","format":"standard","meta":{"footnotes":"","_share_on_mastodon":"0"},"categories":[9587],"tags":[1111,11,1777,674,1011,27,12,5161,25,9590,81595],"class_list":["post-1159903","post","type-post","status-publish","format-standard","has-post-thumbnail","category-rouen","tag-actu","tag-actualites","tag-eu","tag-europe","tag-fr","tag-france","tag-news","tag-normandie","tag-republique-francaise","tag-rouen","tag-rouen-seine-maritime"],"share_on_mastodon":{"url":"https:\/\/pubeurope.com\/@fr\/117192369874199596","error":""},"_links":{"self":[{"href":"https:\/\/www.europesays.com\/fr\/wp-json\/wp\/v2\/posts\/1159903","targetHints":{"allow":["GET"]}}],"collection":[{"href":"https:\/\/www.europesays.com\/fr\/wp-json\/wp\/v2\/posts"}],"about":[{"href":"https:\/\/www.europesays.com\/fr\/wp-json\/wp\/v2\/types\/post"}],"author":[{"embeddable":true,"href":"https:\/\/www.europesays.com\/fr\/wp-json\/wp\/v2\/users\/2"}],"replies":[{"embeddable":true,"href":"https:\/\/www.europesays.com\/fr\/wp-json\/wp\/v2\/comments?post=1159903"}],"version-history":[{"count":0,"href":"https:\/\/www.europesays.com\/fr\/wp-json\/wp\/v2\/posts\/1159903\/revisions"}],"wp:featuredmedia":[{"embeddable":true,"href":"https:\/\/www.europesays.com\/fr\/wp-json\/wp\/v2\/media\/1159904"}],"wp:attachment":[{"href":"https:\/\/www.europesays.com\/fr\/wp-json\/wp\/v2\/media?parent=1159903"}],"wp:term":[{"taxonomy":"category","embeddable":true,"href":"https:\/\/www.europesays.com\/fr\/wp-json\/wp\/v2\/categories?post=1159903"},{"taxonomy":"post_tag","embeddable":true,"href":"https:\/\/www.europesays.com\/fr\/wp-json\/wp\/v2\/tags?post=1159903"}],"curies":[{"name":"wp","href":"https:\/\/api.w.org\/{rel}","templated":true}]}}