{"id":1159905,"date":"2026-08-31T21:59:36","date_gmt":"2026-08-31T21:59:36","guid":{"rendered":"https:\/\/www.europesays.com\/fr\/1159905\/"},"modified":"2026-08-31T21:59:36","modified_gmt":"2026-08-31T21:59:36","slug":"rouen-un-jeune-policier-adjoint-ecroue-pour-viol-sur-mineur-et-detention-dimages-pedopornographiques-2","status":"publish","type":"post","link":"https:\/\/www.europesays.com\/fr\/1159905\/","title":{"rendered":"Rouen\u00a0: Un jeune policier adjoint \u00e9crou\u00e9 pour viol sur mineur et d\u00e9tention d\u2019images p\u00e9dopornographiques"},"content":{"rendered":"<p>Un homme de 21 ans, qui avait d\u00e9j\u00e0 \u00e9t\u00e9 mis en cause par le pass\u00e9 dans une affaire de \u00ab\u00a0<a href=\"https:\/\/www.20minutes.fr\/societe\/violences-sur-mineurs\/\" class=\"c-link c-link--is-underlined\" rel=\"nofollow noopener\" target=\"_blank\">viol sur mineur<\/a> et diffusion d\u2019images de nature sexuelle\u00a0\u00bb, mais dont la proc\u00e9dure a \u00e9t\u00e9 class\u00e9e en mai\u00a02026 car les faits n\u2019\u00e9taient \u00ab\u00a0absolument pas caract\u00e9ris\u00e9s\u00a0\u00bb, vient cette fois-ci d\u2019\u00eatre interpell\u00e9 et plac\u00e9 en d\u00e9tention provisoire. Les faits reproch\u00e9s se sont produits d\u00e9but ao\u00fbt dans une tout autre affaire pour <a href=\"https:\/\/www.20minutes.fr\/dossier\/viol\" class=\"c-link c-link--is-underlined\" rel=\"nofollow noopener\" target=\"_blank\">viol<\/a> sur mineur et d\u00e9tention d\u2019images p\u00e9dopornographiques, a-t-on appris lundi aupr\u00e8s du parquet de Rouen.<\/p>\n<p>Policier adjoint affect\u00e9 \u00e0 Rouen, le jeune homme a \u00e9t\u00e9 interpell\u00e9 au domicile de sa grand-m\u00e8re \u00e0 Amiens, \u00ab\u00a0en compagnie d\u2019un adolescent de 14 ans\u00a0\u00bb, a indiqu\u00e9 le procureur de la R\u00e9publique de Rouen S\u00e9bastien Gallois dans un communiqu\u00e9, confirmant une information de la radio <a href=\"https:\/\/www.ici.fr\/normandie\/seine-maritime-76\/rouen\/info-ici-un-policier-de-rouen-mis-en-examen-pour-le-viol-d-un-adolescent-et-detention-d-images-pedopornographiques-1974438\" rel=\"nofollow noopener\" target=\"_blank\" class=\"c-link c-link--is-underlined\">ICI Normandie<\/a>.<\/p>\n<p>Entr\u00e9 en relation via un r\u00e9seau de jeux vid\u00e9o<\/p>\n<p>La disparition de ce mineur, entr\u00e9 en relation avec le mis en cause via un r\u00e9seau social habituellement utilis\u00e9 par les amateurs de jeux vid\u00e9o, avait \u00e9t\u00e9 signal\u00e9e par ses parents, selon la m\u00eame source.<\/p>\n<\/p>\n<p>Le <a href=\"https:\/\/www.20minutes.fr\/dossier\/policier\" class=\"c-link c-link--is-underlined\" rel=\"nofollow noopener\" target=\"_blank\">policier<\/a> a \u00e9t\u00e9 mis en examen pour viol d\u2019un mineur de 15 ans, provocation \u00e0 la consommation de <a href=\"https:\/\/www.20minutes.fr\/dossier\/stupefiant\" class=\"c-link c-link--is-underlined\" rel=\"nofollow noopener\" target=\"_blank\">stup\u00e9fiants<\/a>, proposition sexuelle suivie d\u2019une rencontre, corruption de mineurs et d\u00e9tention d\u2019images \u00e0 caract\u00e8re p\u00e9dopornographique, avant d\u2019\u00eatre \u00e9crou\u00e9 en d\u00e9tention provisoire. \u00ab\u00a0Il a \u00e9galement \u00e9t\u00e9 suspendu de ses fonctions et son contrat ne sera pas renouvel\u00e9\u00a0\u00bb, a ajout\u00e9 le magistrat.<\/p>\n","protected":false},"excerpt":{"rendered":"Un homme de 21 ans, qui avait d\u00e9j\u00e0 \u00e9t\u00e9 mis en cause par le pass\u00e9 dans une affaire&hellip;\n","protected":false},"author":2,"featured_media":1159906,"comment_status":"","ping_status":"","sticky":false,"template":"","format":"standard","meta":{"footnotes":"","_share_on_mastodon":"0"},"categories":[9587],"tags":[1111,47,11,1777,674,118,1011,27,12,5161,32329,1072,25,9590,5163,104,1265,34347],"class_list":["post-1159905","post","type-post","status-publish","format-standard","has-post-thumbnail","category-rouen","tag-actu","tag-actualite","tag-actualites","tag-eu","tag-europe","tag-faits-divers","tag-fr","tag-france","tag-news","tag-normandie","tag-pedopornographie","tag-police","tag-republique-francaise","tag-rouen","tag-seine-maritime","tag-societe","tag-viol","tag-violences-sur-mineurs"],"share_on_mastodon":{"url":"https:\/\/pubeurope.com\/@fr\/117192370588525699","error":""},"_links":{"self":[{"href":"https:\/\/www.europesays.com\/fr\/wp-json\/wp\/v2\/posts\/1159905","targetHints":{"allow":["GET"]}}],"collection":[{"href":"https:\/\/www.europesays.com\/fr\/wp-json\/wp\/v2\/posts"}],"about":[{"href":"https:\/\/www.europesays.com\/fr\/wp-json\/wp\/v2\/types\/post"}],"author":[{"embeddable":true,"href":"https:\/\/www.europesays.com\/fr\/wp-json\/wp\/v2\/users\/2"}],"replies":[{"embeddable":true,"href":"https:\/\/www.europesays.com\/fr\/wp-json\/wp\/v2\/comments?post=1159905"}],"version-history":[{"count":0,"href":"https:\/\/www.europesays.com\/fr\/wp-json\/wp\/v2\/posts\/1159905\/revisions"}],"wp:featuredmedia":[{"embeddable":true,"href":"https:\/\/www.europesays.com\/fr\/wp-json\/wp\/v2\/media\/1159906"}],"wp:attachment":[{"href":"https:\/\/www.europesays.com\/fr\/wp-json\/wp\/v2\/media?parent=1159905"}],"wp:term":[{"taxonomy":"category","embeddable":true,"href":"https:\/\/www.europesays.com\/fr\/wp-json\/wp\/v2\/categories?post=1159905"},{"taxonomy":"post_tag","embeddable":true,"href":"https:\/\/www.europesays.com\/fr\/wp-json\/wp\/v2\/tags?post=1159905"}],"curies":[{"name":"wp","href":"https:\/\/api.w.org\/{rel}","templated":true}]}}