{"id":1159907,"date":"2026-08-31T22:02:55","date_gmt":"2026-08-31T22:02:55","guid":{"rendered":"https:\/\/www.europesays.com\/fr\/1159907\/"},"modified":"2026-08-31T22:02:55","modified_gmt":"2026-08-31T22:02:55","slug":"une-randonneuse-portee-disparue-dans-les-alpes-depuis-pres-dune-semaine-les-recherches-continuent","status":"publish","type":"post","link":"https:\/\/www.europesays.com\/fr\/1159907\/","title":{"rendered":"Une randonneuse port\u00e9e disparue dans les Alpes depuis pr\u00e8s d&rsquo;une semaine : les recherches continuent"},"content":{"rendered":"<p>                    Par<br \/>\n        <strong><br \/>\n            <a href=\"https:\/\/actu.fr\/auteur\/lisa-rodrigues\" title=\"Consulter tous les articles de Lisa Rodrigues\" rel=\"nofollow noopener\" target=\"_blank\">Lisa Rodrigues<\/a><br \/>\n                    <\/strong><\/p>\n<p>        Publi\u00e9 le<\/p>\n<p>            31 ao\u00fbt 2026 \u00e0 10h25        <\/p>\n<p>L\u2019appel \u00e0 t\u00e9moins a \u00e9t\u00e9 diffus\u00e9 par la CRS Alpes au tout d\u00e9but du week-end. <strong>Claire Tardy<\/strong>, \u00e2g\u00e9e de 45 ans, n\u2019a plus donn\u00e9 signe de vie depuis pr\u00e8s d\u2019une semaine, alors qu\u2019elle \u00e9tait en randonn\u00e9e entre les secteurs de V\u00e9nosc et de la B\u00e9rarde, en <a href=\"https:\/\/actu.fr\/auvergne-rhone-alpes\/isere_38\" rel=\"nofollow noopener\" target=\"_blank\">Is\u00e8re<\/a>.<\/p>\n<p>    <a href=\"https:\/\/www.google.com\/maps\/embed?pb=!1m14!1m12!1m3!1d63865.075600264194!2d6.206368807820987!3d44.97487934954759!2m3!1f0!2f0!3f0!3m2!1i1024!2i768!4f13.1!5e0!3m2!1sfr!2sfr!4v1788163994127!5m2!1sfr!2sfr\" title=\"Ouvrie le lien\" rel=\"nofollow noopener\" target=\"_blank\">Cliquez ici pour visualiser le contenu<\/a><\/p>\n<p class=\" wall-content\">Elle a \u00e9t\u00e9 <strong>aper\u00e7ue pour la derni\u00e8re fois mardi 25 ao\u00fbt<\/strong>.<\/p>\n<p>Ses signes distinctifs<\/p>\n<p class=\" wall-content\">D\u2019apr\u00e8s les secouristes, elle mesure 1m65 et p\u00e8se 60 kilos. D\u2019allure sportive, elle est chauve, a deux cicatrices au genou et les oreilles perc\u00e9es. Sa tenue au moment de sa disparition n\u2019a pas \u00e9t\u00e9 pr\u00e9cis\u00e9e.<\/p>\n<p>    <a href=\"https:\/\/www.facebook.com\/plugins\/post.php?href=https%3A%2F%2Fwww.facebook.com%2Fmontagneplus%2Fposts%2Fpfbid06jwGn183MR26Mb1p8aoBQpvPxscbjKMSwVgZACRVTqkdA5azHXPTLmuxREqycbWzl&amp;show_text=true&amp;width=350\" title=\"Ouvrie le lien\" rel=\"nofollow noopener\" target=\"_blank\">Cliquez ici pour visualiser le contenu<\/a><\/p>\n<p class=\" wall-content\">Les recherches se sont poursuivies tout au long du week-end dans le <a href=\"https:\/\/actu.fr\/auvergne-rhone-alpes\/saint-christophe-en-oisans_38375\/pres-de-grenoble-ce-site-cache-l-une-des-plus-belles-vues-des-alpes_61922854.html\" rel=\"nofollow noopener\" target=\"_blank\">massif des \u00c9crins<\/a>, sans succ\u00e8s pour le moment.<\/p>\n<p>Toute personne ayant crois\u00e9 la route de Claire Tardy ou ayant des \u00e9l\u00e9ments sur son itin\u00e9raire est invit\u00e9e \u00e0 contacter la CRS Alpes au 04 76 22 22 22 ou directement le 17.<\/p>\n<p class=\" wall-content\">Personnalisez votre actualit\u00e9 en ajoutant vos villes et m\u00e9dias en favori avec <a href=\"https:\/\/moncompte.actu.fr\" title=\"D\u00e9couvez Mon Actu\" rel=\"nofollow noopener\" data-trk=\"{&quot;cta&quot;:{&quot;action&quot;:&quot;https:\\\/\\\/moncompte.actu.fr&quot;,&quot;category&quot;:&quot;mon compte&quot;,&quot;from&quot;:&quot;article footer&quot;,&quot;name&quot;:&quot;Mon actu&quot;,&quot;type&quot;:&quot;cta&quot;}}\" target=\"_blank\">Mon Actu<\/a>.<\/p>\n","protected":false},"excerpt":{"rendered":"Par Lisa Rodrigues Publi\u00e9 le 31 ao\u00fbt 2026 \u00e0 10h25 L\u2019appel \u00e0 t\u00e9moins a \u00e9t\u00e9 diffus\u00e9 par la&hellip;\n","protected":false},"author":2,"featured_media":1159908,"comment_status":"","ping_status":"","sticky":false,"template":"","format":"standard","meta":{"footnotes":"","_share_on_mastodon":"0"},"categories":[9566],"tags":[1111,11,2430,3676,1777,674,118,1011,27,2731,5324,12,25],"class_list":["post-1159907","post","type-post","status-publish","format-standard","has-post-thumbnail","category-grenoble","tag-actu","tag-actualites","tag-auvergne-rhone-alpes","tag-disparition-inquietante","tag-eu","tag-europe","tag-faits-divers","tag-fr","tag-france","tag-grenoble","tag-montagne","tag-news","tag-republique-francaise"],"share_on_mastodon":{"url":"https:\/\/pubeurope.com\/@fr\/117192386394669995","error":""},"_links":{"self":[{"href":"https:\/\/www.europesays.com\/fr\/wp-json\/wp\/v2\/posts\/1159907","targetHints":{"allow":["GET"]}}],"collection":[{"href":"https:\/\/www.europesays.com\/fr\/wp-json\/wp\/v2\/posts"}],"about":[{"href":"https:\/\/www.europesays.com\/fr\/wp-json\/wp\/v2\/types\/post"}],"author":[{"embeddable":true,"href":"https:\/\/www.europesays.com\/fr\/wp-json\/wp\/v2\/users\/2"}],"replies":[{"embeddable":true,"href":"https:\/\/www.europesays.com\/fr\/wp-json\/wp\/v2\/comments?post=1159907"}],"version-history":[{"count":0,"href":"https:\/\/www.europesays.com\/fr\/wp-json\/wp\/v2\/posts\/1159907\/revisions"}],"wp:featuredmedia":[{"embeddable":true,"href":"https:\/\/www.europesays.com\/fr\/wp-json\/wp\/v2\/media\/1159908"}],"wp:attachment":[{"href":"https:\/\/www.europesays.com\/fr\/wp-json\/wp\/v2\/media?parent=1159907"}],"wp:term":[{"taxonomy":"category","embeddable":true,"href":"https:\/\/www.europesays.com\/fr\/wp-json\/wp\/v2\/categories?post=1159907"},{"taxonomy":"post_tag","embeddable":true,"href":"https:\/\/www.europesays.com\/fr\/wp-json\/wp\/v2\/tags?post=1159907"}],"curies":[{"name":"wp","href":"https:\/\/api.w.org\/{rel}","templated":true}]}}