{"id":1159909,"date":"2026-08-31T22:04:14","date_gmt":"2026-08-31T22:04:14","guid":{"rendered":"https:\/\/www.europesays.com\/fr\/1159909\/"},"modified":"2026-08-31T22:04:14","modified_gmt":"2026-08-31T22:04:14","slug":"lutte-contre-le-harcelement-vegetalisation-pour-la-rentree-le-college-mathurin-meheut-de","status":"publish","type":"post","link":"https:\/\/www.europesays.com\/fr\/1159909\/","title":{"rendered":"Lutte contre le harc\u00e8lement, v\u00e9g\u00e9talisation\u2026 Pour la rentr\u00e9e, le coll\u00e8ge Mathurin-M\u00e9heut de"},"content":{"rendered":"<p>Ouvert en 2023, le nouveau coll\u00e8ge Mathurin-M\u00e9heut de <a href=\"https:\/\/rennes.maville.com\/bretagne\/ille-et-vilaine\/melesse\/\" rel=\"nofollow noopener\" target=\"_blank\">M\u00e9lesse<\/a> (Ille-et-Vilaine) signe sa quatri\u00e8me rentr\u00e9e, en ce mardi 1er\u00a0septembre 2026. Nous accueillons 707\u00a0\u00e9l\u00e8ves, sur 26\u00a0classes, indique Nolwenn Cre\u00efsm\u00e9as, principale, accompagn\u00e9e dans sa t\u00e2che par Audrey Presset, principale-adjointe, Marie-No\u00eblle P\u00e9rot, secr\u00e9taire-g\u00e9n\u00e9rale, Barbara Hany, secr\u00e9taire de gestion et H\u00e9l\u00e8ne Dufour, secr\u00e9taire.\u00a0Ces \u00e9l\u00e8ves seront &#8230;<\/p>\n<p>\u00a0<\/p>\n","protected":false},"excerpt":{"rendered":"Ouvert en 2023, le nouveau coll\u00e8ge Mathurin-M\u00e9heut de M\u00e9lesse (Ille-et-Vilaine) signe sa quatri\u00e8me rentr\u00e9e, en ce mardi 1er\u00a0septembre&hellip;\n","protected":false},"author":2,"featured_media":1159910,"comment_status":"","ping_status":"","sticky":false,"template":"","format":"standard","meta":{"footnotes":"","_share_on_mastodon":"0"},"categories":[2821],"tags":[119193,7617,1111,11,829,1124,1121,1777,674,1011,27,3668,7998,119192,9113,12,3086,584,28313,25,10792],"class_list":["post-1159909","post","type-post","status-publish","format-standard","has-post-thumbnail","category-rennes","tag-119193","tag-accueille","tag-actu","tag-actualites","tag-bretagne","tag-college","tag-eleves","tag-eu","tag-europe","tag-fr","tag-france","tag-harcelement","tag-lutte","tag-mathurin-meheut","tag-melesse","tag-news","tag-redon","tag-rennes","tag-rentree","tag-republique-francaise","tag-vegetalisation"],"share_on_mastodon":{"url":"https:\/\/pubeurope.com\/@fr\/117192390567774553","error":""},"_links":{"self":[{"href":"https:\/\/www.europesays.com\/fr\/wp-json\/wp\/v2\/posts\/1159909","targetHints":{"allow":["GET"]}}],"collection":[{"href":"https:\/\/www.europesays.com\/fr\/wp-json\/wp\/v2\/posts"}],"about":[{"href":"https:\/\/www.europesays.com\/fr\/wp-json\/wp\/v2\/types\/post"}],"author":[{"embeddable":true,"href":"https:\/\/www.europesays.com\/fr\/wp-json\/wp\/v2\/users\/2"}],"replies":[{"embeddable":true,"href":"https:\/\/www.europesays.com\/fr\/wp-json\/wp\/v2\/comments?post=1159909"}],"version-history":[{"count":0,"href":"https:\/\/www.europesays.com\/fr\/wp-json\/wp\/v2\/posts\/1159909\/revisions"}],"wp:featuredmedia":[{"embeddable":true,"href":"https:\/\/www.europesays.com\/fr\/wp-json\/wp\/v2\/media\/1159910"}],"wp:attachment":[{"href":"https:\/\/www.europesays.com\/fr\/wp-json\/wp\/v2\/media?parent=1159909"}],"wp:term":[{"taxonomy":"category","embeddable":true,"href":"https:\/\/www.europesays.com\/fr\/wp-json\/wp\/v2\/categories?post=1159909"},{"taxonomy":"post_tag","embeddable":true,"href":"https:\/\/www.europesays.com\/fr\/wp-json\/wp\/v2\/tags?post=1159909"}],"curies":[{"name":"wp","href":"https:\/\/api.w.org\/{rel}","templated":true}]}}