{"id":1159911,"date":"2026-08-31T22:05:11","date_gmt":"2026-08-31T22:05:11","guid":{"rendered":"https:\/\/www.europesays.com\/fr\/1159911\/"},"modified":"2026-08-31T22:05:11","modified_gmt":"2026-08-31T22:05:11","slug":"rennes-finalise-larrivee-de-boulaye-dia","status":"publish","type":"post","link":"https:\/\/www.europesays.com\/fr\/1159911\/","title":{"rendered":"Rennes finalise l\u2019arriv\u00e9e de Boulaye Dia"},"content":{"rendered":"<p>Sauf revirement de situation, <a href=\"https:\/\/www.footmercato.net\/joueur\/boulaye-dia\/\" rel=\"nofollow noopener\" target=\"_blank\">Boulaye Dia<\/a> va faire son retour en <a href=\"https:\/\/www.footmercato.net\/france\/ligue-1\/\" rel=\"nofollow noopener\" target=\"_blank\">Ligue 1<\/a> \u00e0 29 ans. L\u2019attaquant de la <a href=\"https:\/\/www.footmercato.net\/club\/ss-lazio\/\" rel=\"nofollow noopener\" target=\"_blank\">Lazio<\/a> s\u2019\u00e9tait d\u00e9j\u00e0 mis d\u2019accord avec le Stade Rennais qui cherchait un rempla\u00e7ant \u00e0 Breel Embolo (vendu \u00e0 l\u2019Atlanta). Ce soir, le S\u00e9n\u00e9galais s\u2019est rapproch\u00e9 un peu plus de la Bretagne.<\/p>\n<p>            La suite apr\u00e8s cette publicit\u00e9<\/p>\n<p>Rennes et la Lazio finalisent le pr\u00eat de l\u2019attaquant avec une obligation d\u2019achat fix\u00e9e \u00e0 8 M\u20ac. Cinq ans apr\u00e8s avoir quitt\u00e9 Reims et apr\u00e8s deux ans pass\u00e9s \u00e0 Rome (14 buts inscrits en 81 matches), Dia s\u2019appr\u00eate \u00e0 revenir en France. <\/p>\n<p>\n    Pub. le 31\/08\/2026 22:53<br \/>\n            &#8211; MAJ le 31\/08\/2026 23:52\n    <\/p>\n","protected":false},"excerpt":{"rendered":"Sauf revirement de situation, Boulaye Dia va faire son retour en Ligue 1 \u00e0 29 ans. L\u2019attaquant de&hellip;\n","protected":false},"author":2,"featured_media":1159912,"comment_status":"","ping_status":"","sticky":false,"template":"","format":"standard","meta":{"footnotes":"","_share_on_mastodon":"0"},"categories":[2821],"tags":[1111,11,829,1777,674,1011,27,12,584,25],"class_list":["post-1159911","post","type-post","status-publish","format-standard","has-post-thumbnail","category-rennes","tag-actu","tag-actualites","tag-bretagne","tag-eu","tag-europe","tag-fr","tag-france","tag-news","tag-rennes","tag-republique-francaise"],"share_on_mastodon":{"url":"https:\/\/pubeurope.com\/@fr\/117192394614881625","error":""},"_links":{"self":[{"href":"https:\/\/www.europesays.com\/fr\/wp-json\/wp\/v2\/posts\/1159911","targetHints":{"allow":["GET"]}}],"collection":[{"href":"https:\/\/www.europesays.com\/fr\/wp-json\/wp\/v2\/posts"}],"about":[{"href":"https:\/\/www.europesays.com\/fr\/wp-json\/wp\/v2\/types\/post"}],"author":[{"embeddable":true,"href":"https:\/\/www.europesays.com\/fr\/wp-json\/wp\/v2\/users\/2"}],"replies":[{"embeddable":true,"href":"https:\/\/www.europesays.com\/fr\/wp-json\/wp\/v2\/comments?post=1159911"}],"version-history":[{"count":0,"href":"https:\/\/www.europesays.com\/fr\/wp-json\/wp\/v2\/posts\/1159911\/revisions"}],"wp:featuredmedia":[{"embeddable":true,"href":"https:\/\/www.europesays.com\/fr\/wp-json\/wp\/v2\/media\/1159912"}],"wp:attachment":[{"href":"https:\/\/www.europesays.com\/fr\/wp-json\/wp\/v2\/media?parent=1159911"}],"wp:term":[{"taxonomy":"category","embeddable":true,"href":"https:\/\/www.europesays.com\/fr\/wp-json\/wp\/v2\/categories?post=1159911"},{"taxonomy":"post_tag","embeddable":true,"href":"https:\/\/www.europesays.com\/fr\/wp-json\/wp\/v2\/tags?post=1159911"}],"curies":[{"name":"wp","href":"https:\/\/api.w.org\/{rel}","templated":true}]}}