{"id":1159913,"date":"2026-08-31T22:06:26","date_gmt":"2026-08-31T22:06:26","guid":{"rendered":"https:\/\/www.europesays.com\/fr\/1159913\/"},"modified":"2026-08-31T22:06:26","modified_gmt":"2026-08-31T22:06:26","slug":"de-7e50-a-9e-des-aujourdhui-le-prix-des-musees-vient-daugmenter-a-strasbourg","status":"publish","type":"post","link":"https:\/\/www.europesays.com\/fr\/1159913\/","title":{"rendered":"De 7\u20ac50 \u00e0 9\u20ac : d\u00e8s aujourd&rsquo;hui, le prix des mus\u00e9es vient d&rsquo;augmenter \u00e0 Strasbourg"},"content":{"rendered":"<p>    <img loading=\"lazy\" width=\"1800\" height=\"900\" src=\"https:\/\/www.europesays.com\/fr\/wp-content\/uploads\/2025\/11\/jeanne-callthepolice.jpg\" class=\"attachment-full size-full\" alt=\"\" id=\"imageLove\" decoding=\"async\"  \/><\/p>\n<p id=\"breadcrumbs\"><a href=\"https:\/\/pokaa.fr\/\" rel=\"nofollow noopener\" target=\"_blank\">Accueil<\/a> \/ <a href=\"https:\/\/pokaa.fr\/actu\/\" rel=\"nofollow noopener\" target=\"_blank\">Info locale<\/a> \/ <a href=\"https:\/\/pokaa.fr\/actu\/culture\/\" rel=\"nofollow noopener\" target=\"_blank\">Culture<\/a> \/ De 7\u20ac50 \u00e0 9\u20ac : d\u00e8s aujourd\u2019hui, le prix des mus\u00e9es vient d\u2019augmenter \u00e0 Strasbourg<\/p>\n<p>                    Culture<\/p>\n<p><b>Depuis ce 1er septembre, le prix des mus\u00e9es augmente \u00e0 Strasbourg. Le billet d\u2019entr\u00e9e classique est concern\u00e9, passant de 7\u20ac50 \u00e0 9\u20ac, tout comme le tarif r\u00e9duit, passant de 3\u20ac50 \u00e0 5\u20ac. Un choix politique justifi\u00e9 par de futurs travaux sur le patrimoine, mais aussi en adaptation au r\u00e9chauffement climatique.<\/b><\/p>\n<p class=\"p1\">D\u00e8s aujourd\u2019hui, les Strasbourgeois(es) doivent payer plus cher leur entr\u00e9e dans les diff\u00e9rents mus\u00e9es de la ville. <a href=\"https:\/\/www.rue89strasbourg.com\/strasbourg-augmentation-tarifs-musees-2026-394541\" target=\"_blank\" rel=\"noopener nofollow\">R\u00e9v\u00e9l\u00e9e par Rue89<\/a> durant l\u2019\u00e9t\u00e9, <b>l\u2019info n\u2019a toujours pas \u00e9t\u00e9 annonc\u00e9e publiquement par la municipalit\u00e9 strasbourgeoise<\/b>.<\/p>\n<p class=\"p1\">N\u00e9anmoins, depuis ce 1er septembre, <b>l\u2019importante refonte de la tarification des mus\u00e9es de Strasbourg entre en vigueur<\/b>. Une r\u00e9forme qui a pour cons\u00e9quence l\u2019augmentation des tarifs, la fin de certains avantages, mais \u00e9galement la cr\u00e9ation de plusieurs pass, qui n\u2019existaient pas avant.<\/p>\n<p>    <img width=\"800\" height=\"533\" src=\"https:\/\/www.europesays.com\/fr\/wp-content\/uploads\/2025\/11\/dsc-5823-800x533.jpg\" class=\"attachment-image-size-L size-image-size-L\" alt=\"Mus\u00e9e historique\" decoding=\"async\" loading=\"lazy\"  \/>         \u00a9 Marie Goehner-David \/ Pokaa <\/p>\n<p>Des tarifs qui augmentent<\/p>\n<p class=\"p1\">L\u2019information la plus importante est l\u2019augmentation des tarifs du billet d\u2019entr\u00e9e pour les mus\u00e9es. <b>Le plein tarif croit de 20%, passant de 7\u20ac50 \u00e0 9\u20ac<\/b>, se calquant sur le prix d\u2019entr\u00e9e pratiqu\u00e9 au Mus\u00e9e zoologique. Le tarif r\u00e9duit augmente lui de 43%, passant de 3\u20ac50 \u00e0 5\u20ac.<\/p>\n<p class=\"p1\">Quant au Pass journ\u00e9e, permettant de visiter les mus\u00e9es de la ville pendant 24h, <b>il passe de 16 \u00e0 20\u20ac en plein tarif mais surtout de 8 \u00e0 15 \u20ac en tarif r\u00e9duit, soit une augmentation de 88% ! <\/b>Enfin, le Pass 3 jours est lui supprim\u00e9.<\/p>\n<p>    <img width=\"800\" height=\"600\" src=\"https:\/\/www.europesays.com\/fr\/wp-content\/uploads\/2026\/08\/img-7281-grande-800x600.jpeg\" class=\"attachment-image-size-L size-image-size-L\" alt=\"mus\u00e9e alsacien\" decoding=\"async\" loading=\"lazy\"  \/>         \u00a9 Nicolas Kaspar \/ Pokaa <\/p>\n<p>La cr\u00e9ation de diff\u00e9rents pass, et la fin de certains avantages<\/p>\n<p class=\"p1\">Au-del\u00e0 de ces augmentations, la municipalit\u00e9 a pris la d\u00e9cision de cr\u00e9er diff\u00e9rentes offres qui n\u2019existaient pas jusqu\u2019alors. Il y a par exemple le Pass Palais Rohan : <b>\u00e0 20\u20ac (10\u20ac en tarif r\u00e9duit), il permet de visiter les trois mus\u00e9es, ainsi que la Galerie Heitz \u00e0 un prix plus int\u00e9ressant qu\u2019auparavant<\/b>. Par ailleurs, diff\u00e9rents pass annuels sont \u00e9galement mis en place :<\/p>\n<ul class=\"ul1\">\n<li class=\"li1\"><b>Pass annuel pour une personne<\/b> : 45 \u20ac tarif plein \/ 30 \u20ac tarif r\u00e9duit.<\/li>\n<li class=\"li1\"><b>Pass annuel duo<\/b> : 50\u20ac \/ 55 \u20ac pour les non-r\u00e9sident(e)s de la CEA et de l\u2019Eurodistrict.<\/li>\n<li class=\"li1\"><b>Pass annuel 4 personnes<\/b> : 100 \u20ac \/ 110 \u20ac pour les non-r\u00e9sident(e)s.<\/li>\n<\/ul>\n<p class=\"p1\"><strong>L<\/strong><b>a refonte de la tarification des mus\u00e9es ent\u00e9rine la suppression d\u2019avantages et de gratuit\u00e9s pour les agent(e)s de la collectivit\u00e9 et pour les \u00e9lu(e)s<\/b>. Ces derniers\/\u00e8res devront s\u2019acquitter du tarif r\u00e9duit, sauf s\u2019ils et elles se rendent dans un mus\u00e9e dans le cadre de leur fonction. M\u00eame tarif pour les agent(e)s et les personnels de l\u2019Orchestre Philharmonique de Strasbourg et de l\u2019Op\u00e9ra national du Rhin.<\/p>\n<p>    <img width=\"800\" height=\"533\" src=\"https:\/\/www.europesays.com\/fr\/wp-content\/uploads\/2026\/08\/dsc-5576-800x533.jpg\" class=\"attachment-image-size-L size-image-size-L\" alt=\"palais rohan\" decoding=\"async\" loading=\"lazy\"  \/>         \u00a9 Marie Goehner-David \/ Pokaa <\/p>\n<p>L\u2019objectif ? Plus de recettes pour de futurs investissements<\/p>\n<p class=\"p1\"><strong>\u00a0Al<\/strong><b>ors que Strasbourg pratiquait jusqu\u2019alors une des politiques tarifaires les plus basses de France concernant ses mus\u00e9es<\/b>, cette refonte et ces augmentations seraient les cons\u00e9quences des recommandations formul\u00e9es lors du dernier contr\u00f4le de la Chambre r\u00e9gionale des comptes. D\u2019ailleurs, il reste important de pr\u00e9ciser que d\u2019autres gratuit\u00e9s sont maintenues, comme le premier dimanche du mois, la Nuit europ\u00e9enne des mus\u00e9es et les Journ\u00e9es europ\u00e9ennes du patrimoine.<\/p>\n<p class=\"p1\">Surtout, <b>le surplus de recettes attendu [523 000 euros selon Rue89, ndlr] permettrait de financer des investissements dans le patrimoine, principalement pour l\u2019adapter au r\u00e9chauffement climatique<\/b>. De quoi rendre, peut-\u00eatre, les mus\u00e9es gratuits en p\u00e9riode de canicule l\u2019an prochain, une promesse de campagne qui n\u2019a pas pu \u00eatre mise en place cette ann\u00e9e.<\/p>\n","protected":false},"excerpt":{"rendered":"Accueil \/ Info locale \/ Culture \/ De 7\u20ac50 \u00e0 9\u20ac : d\u00e8s aujourd\u2019hui, le prix des mus\u00e9es&hellip;\n","protected":false},"author":2,"featured_media":1159914,"comment_status":"","ping_status":"","sticky":false,"template":"","format":"standard","meta":{"footnotes":"","_share_on_mastodon":"0"},"categories":[2820],"tags":[1111,11,5848,1777,674,1011,27,775,119194,12,25,640,58524],"class_list":["post-1159913","post","type-post","status-publish","format-standard","has-post-thumbnail","category-strasbourg","tag-actu","tag-actualites","tag-catherine-trautmann","tag-eu","tag-europe","tag-fr","tag-france","tag-grand-est","tag-musees-strasbourg","tag-news","tag-republique-francaise","tag-strasbourg","tag-strasbourg-actualite"],"share_on_mastodon":{"url":"https:\/\/pubeurope.com\/@fr\/117192401269332133","error":""},"_links":{"self":[{"href":"https:\/\/www.europesays.com\/fr\/wp-json\/wp\/v2\/posts\/1159913","targetHints":{"allow":["GET"]}}],"collection":[{"href":"https:\/\/www.europesays.com\/fr\/wp-json\/wp\/v2\/posts"}],"about":[{"href":"https:\/\/www.europesays.com\/fr\/wp-json\/wp\/v2\/types\/post"}],"author":[{"embeddable":true,"href":"https:\/\/www.europesays.com\/fr\/wp-json\/wp\/v2\/users\/2"}],"replies":[{"embeddable":true,"href":"https:\/\/www.europesays.com\/fr\/wp-json\/wp\/v2\/comments?post=1159913"}],"version-history":[{"count":0,"href":"https:\/\/www.europesays.com\/fr\/wp-json\/wp\/v2\/posts\/1159913\/revisions"}],"wp:featuredmedia":[{"embeddable":true,"href":"https:\/\/www.europesays.com\/fr\/wp-json\/wp\/v2\/media\/1159914"}],"wp:attachment":[{"href":"https:\/\/www.europesays.com\/fr\/wp-json\/wp\/v2\/media?parent=1159913"}],"wp:term":[{"taxonomy":"category","embeddable":true,"href":"https:\/\/www.europesays.com\/fr\/wp-json\/wp\/v2\/categories?post=1159913"},{"taxonomy":"post_tag","embeddable":true,"href":"https:\/\/www.europesays.com\/fr\/wp-json\/wp\/v2\/tags?post=1159913"}],"curies":[{"name":"wp","href":"https:\/\/api.w.org\/{rel}","templated":true}]}}