{"id":1159921,"date":"2026-08-31T22:11:48","date_gmt":"2026-08-31T22:11:48","guid":{"rendered":"https:\/\/www.europesays.com\/fr\/1159921\/"},"modified":"2026-08-31T22:11:48","modified_gmt":"2026-08-31T22:11:48","slug":"cette-exposition-nest-pas-figee-cet-historien-veut-raconter-lhistoire-de-la-loire-a","status":"publish","type":"post","link":"https:\/\/www.europesays.com\/fr\/1159921\/","title":{"rendered":"\u00ab Cette exposition n\u2019est pas fig\u00e9e \u00bb : cet historien veut raconter l\u2019histoire de la Loire \u00e0"},"content":{"rendered":"<p>Docteur en histoire, auteur d\u2019une th\u00e8se sur la soci\u00e9t\u00e9 rurale en basse vall\u00e9e de l\u2019Authion de\u00a01750 \u00e0\u00a01870, Emmanuel Brouard est un sp\u00e9cialiste de l\u2019histoire de la Loire, de ses affluents\u00a0(Allier, Layon, Authion), et de leurs interactions avec les hommes.<\/p>\n<p>Cette passion lui a inspir\u00e9 plusieurs ouvrages\u00a0: Au risque de la Loire, en 2017, sur la vie en vall\u00e9e d\u2019Anjou aux XVIIIe et XIXe\u00a0si\u00e8cles ; l\u2019histoire du canal du Layon, en 2019 ; l\u2019histoire des vins de Loire, en 2021 ; et l\u2019histoire de la Marine de Loire avant l\u2019\u00e8re industrielle, en 2023. Il pr\u00e9pare actuellement un opus sur le commerce du sel en val de Loire.<\/p>\n<p>Une exposition itin\u00e9rante<\/p>\n<p>Aujourd\u2019hui, je souhaite partager mes connaissances sur le fleuve royal d\u2019une autre mani\u00e8re, d\u00e9taille l\u2019historien. Sous une forme plus l\u00e9g\u00e8re et accessible \u00e0 un large public qui n\u2019a pas forc\u00e9ment le temps ou l\u2019envie de lire des livres. J\u2019ai ainsi con\u00e7u une exposition itin\u00e9rante destin\u00e9e \u00e0 \u00eatre pr\u00eat\u00e9e aux mus\u00e9es, collectivit\u00e9s, associations, biblioth\u00e8ques ou \u00e9tablissements scolaires qui en feront la demande. Les enseignants pourront aussi se l\u2019approprier pour \u00e9laborer des dossiers p\u00e9dagogiques sur mesure.<\/p>\n<p>Une douzaine de panneaux d\u2019un m\u00e8tre sur deux, sous forme de roll-ups facilement transportables, ont ainsi \u00e9t\u00e9 \u00e9labor\u00e9s. Ils d\u00e9veloppent de nombreuses th\u00e9matiques\u00a0: la batellerie et ses mariniers, ses grandes innovations du XIXe\u00a0si\u00e8cle et les causes de son d\u00e9clin final, la navigation et ses dangers sur la Loire, son estuaire\u00a0(la \u00ab\u00a0Loire sal\u00e9e\u00a0\u00bb) et les affluents de la Maine\u00a0(Sarthe, Mayenne, Loir), les ponts, le commerce, sans oublier les femmes qui eurent une place non n\u00e9gligeable dans la marine de Loire.<\/p>\n<p>\u00ab Expliquer ce que l\u2019on voit aujourd\u2019hui \u00bb<\/p>\n<p>Cette exposition n\u2019est pas fig\u00e9e, pr\u00e9cise Emmanuel Brouard. Elle est modulable et \u00e9volutive. Elle pourra \u00eatre enrichie de th\u00e8mes suppl\u00e9mentaires au gr\u00e9 de mes recherches. Mon objectif, c\u2019est vraiment d\u2019expliquer ce qu\u2019on voit aujourd\u2019hui, comment la Loire et ses affluents ont model\u00e9 le paysage et impact\u00e9 la vie des habitants de Nantes \u00e0 Orl\u00e9ans, et jusqu\u2019\u00e0 la r\u00e9gion de Roanne.<\/p>\n<p>Bien plus qu\u2019une exposition historique, cette r\u00e9alisation est donc une invitation \u00e0 d\u00e9couvrir comment des espaces vivants ont \u00e9t\u00e9 fa\u00e7onn\u00e9s par les \u00e9changes entre les femmes et les hommes les ayant fr\u00e9quent\u00e9s. Elle rappelle que les paysages lig\u00e9riens sont le produit d\u2019une histoire en mouvement, dont les traces restent encore visibles aujourd\u2019hui.<\/p>\n<p>\u00a0<\/p>\n","protected":false},"excerpt":{"rendered":"Docteur en histoire, auteur d\u2019une th\u00e8se sur la soci\u00e9t\u00e9 rurale en basse vall\u00e9e de l\u2019Authion de\u00a01750 \u00e0\u00a01870, Emmanuel&hellip;\n","protected":false},"author":2,"featured_media":1159922,"comment_status":"","ping_status":"","sticky":false,"template":"","format":"standard","meta":{"footnotes":"","_share_on_mastodon":"0"},"categories":[2818],"tags":[1111,11,1777,674,3293,119195,1011,27,937,32161,3367,766,12,2636,41929,25],"class_list":["post-1159921","post","type-post","status-publish","format-standard","has-post-thumbnail","category-nantes","tag-actu","tag-actualites","tag-eu","tag-europe","tag-exposition","tag-figee","tag-fr","tag-france","tag-histoire","tag-historien","tag-loire","tag-nantes","tag-news","tag-pays-de-la-loire","tag-raconter","tag-republique-francaise"],"share_on_mastodon":{"url":"https:\/\/pubeurope.com\/@fr\/117192417944317583","error":""},"_links":{"self":[{"href":"https:\/\/www.europesays.com\/fr\/wp-json\/wp\/v2\/posts\/1159921","targetHints":{"allow":["GET"]}}],"collection":[{"href":"https:\/\/www.europesays.com\/fr\/wp-json\/wp\/v2\/posts"}],"about":[{"href":"https:\/\/www.europesays.com\/fr\/wp-json\/wp\/v2\/types\/post"}],"author":[{"embeddable":true,"href":"https:\/\/www.europesays.com\/fr\/wp-json\/wp\/v2\/users\/2"}],"replies":[{"embeddable":true,"href":"https:\/\/www.europesays.com\/fr\/wp-json\/wp\/v2\/comments?post=1159921"}],"version-history":[{"count":0,"href":"https:\/\/www.europesays.com\/fr\/wp-json\/wp\/v2\/posts\/1159921\/revisions"}],"wp:featuredmedia":[{"embeddable":true,"href":"https:\/\/www.europesays.com\/fr\/wp-json\/wp\/v2\/media\/1159922"}],"wp:attachment":[{"href":"https:\/\/www.europesays.com\/fr\/wp-json\/wp\/v2\/media?parent=1159921"}],"wp:term":[{"taxonomy":"category","embeddable":true,"href":"https:\/\/www.europesays.com\/fr\/wp-json\/wp\/v2\/categories?post=1159921"},{"taxonomy":"post_tag","embeddable":true,"href":"https:\/\/www.europesays.com\/fr\/wp-json\/wp\/v2\/tags?post=1159921"}],"curies":[{"name":"wp","href":"https:\/\/api.w.org\/{rel}","templated":true}]}}