{"id":1159933,"date":"2026-08-31T22:22:14","date_gmt":"2026-08-31T22:22:14","guid":{"rendered":"https:\/\/www.europesays.com\/fr\/1159933\/"},"modified":"2026-08-31T22:22:14","modified_gmt":"2026-08-31T22:22:14","slug":"larcheveque-de-lille-demande-pardon-aux-victimes-apres-les-accusations-de-viols-visant-un-pretre","status":"publish","type":"post","link":"https:\/\/www.europesays.com\/fr\/1159933\/","title":{"rendered":"L\u2019archev\u00eaque de Lille demande pardon aux victimes apr\u00e8s\u00a0les accusations de viols visant un pr\u00eatre"},"content":{"rendered":"<p data-ofstats-scroll=\"read_depth_10\">L\u2019archev\u00eaque du dioc\u00e8se de <a href=\"https:\/\/www.ouest-france.fr\/hauts-de-france\/lille-59000\/\" target=\"_self\" rel=\"nofollow noopener\">Lille<\/a>\u00a0(Nord) <a href=\"https:\/\/www.ouest-france.fr\/societe\/religions\/nomme-archeveque-de-lille-leveque-de-coutances-et-avranches-part-vers-linconnu-a30004be-d219-11ed-96ad-1942048996da\" target=\"_self\" rel=\"nofollow noopener\">Laurent Le Boulc\u2019h<\/a> a demand\u00e9 pardon au nom de l\u2019\u00c9glise et d\u00e9nonc\u00e9 lundi 31\u00a0ao\u00fbt 2026 le <strong>\u00ab\u00a0silence dans l\u2019\u00c9glise\u00a0\u00bb<\/strong> apr\u00e8s une rencontre avec des victimes au sujet de <a href=\"https:\/\/www.ouest-france.fr\/societe\/justice\/affaire-jacques-delfosse-la-justice-veut-recenser-toutes-les-victimes-du-pretre-accuse-de-violences-sexuelles-752be840-dccb-11f0-b79a-b8d473b922b8\" target=\"_self\" rel=\"nofollow noopener\">Jacques Delfosse, un ancien pr\u00eatre accus\u00e9 de dizaines de viols sur mineurs<\/a>.<\/p>\n<p data-ofstats-scroll=\"read_depth_20\"><strong>\u00ab\u00a0Monseigneur Le Boulc\u2019h a fait part de sa d\u00e9solation et d\u00e9nonce le scandale d\u2019un homme et du silence dans l\u2019\u00c9glise. Il demande pardon, au nom de l\u2019\u00c9glise dioc\u00e9saine, \u00e0 toutes les personnes victimes\u00a0\u00bb<\/strong>, a pr\u00e9cis\u00e9 le dioc\u00e8se dans un communiqu\u00e9 publi\u00e9 lundi soir.<\/p>\n<p data-ofstats-scroll=\"read_depth_30\">Dans l\u2019apr\u00e8s-midi, l\u2019archev\u00eaque a rencontr\u00e9 quatre victimes pr\u00e9sum\u00e9es de Jacques Delfosse, ancien pr\u00eatre qui a exerc\u00e9 dans le Nord puis le Val-de-Marne entre 1964 et 2000.<\/p>\n<p data-ofstats-scroll=\"read_depth_30\"><strong>\u00ab\u00a0Certaines d\u00e9faillances de l\u2019institution\u00a0\u00bb<\/strong> ont \u00e9t\u00e9 reconnues lors de cette rencontre, selon le communiqu\u00e9.<\/p>\n<p data-ofstats-scroll=\"read_depth_30\">Le dioc\u00e8se appelle aussi toute victime potentielle \u00e0 se manifester et \u00e0 d\u00e9poser plainte.<\/p>\n<p data-ofstats-scroll=\"read_depth_50\">Sylvain Brouwer, l\u2019une des victimes qui a assist\u00e9 \u00e0 la rencontre, s\u2019est dit <strong>\u00ab\u00a0apais\u00e9\u00a0\u00bb<\/strong> et <strong>\u00ab\u00a0satisfait\u00a0\u00bb<\/strong> par la reconnaissance <strong>\u00ab\u00a0qu\u2019il y avait eu un probl\u00e8me pendant des ann\u00e9es et trop de laxisme\u00a0\u00bb<\/strong> dans l\u2019\u00c9glise. Il a n\u00e9anmoins d\u00e9nonc\u00e9 l\u2019absence d\u2019explications donn\u00e9es aux mutations \u00e0 r\u00e9p\u00e9tition du pr\u00eatre.<\/p>\n<p data-ofstats-scroll=\"read_depth_60\"><strong>\u00ab\u00a0On demande que l\u2019\u00c9glise soit plus proactive et qu\u2019elle prenne des initiatives, qu\u2019elle fasse de la pr\u00e9vention\u00a0\u00bb<\/strong>, ajoute ce retrait\u00e9 sexag\u00e9naire qui raconte avoir toujours des cauchemars li\u00e9s \u00e0 des viols commis selon lui par Jacques Delfosse quand il avait 12\u00a0ans.<\/p>\n<p data-ofstats-scroll=\"read_depth_60\">Mgr\u00a0Le Boulc\u2019h s\u2019est \u00e9galement engag\u00e9 \u00e0 appuyer la demande de rencontre des victimes avec le pape, qui ne pourra pas avoir lieu lors de la visite de L\u00e9on XIV en France cet automne, mais pourrait intervenir plus tard, au Vatican, selon M. Brouwer.<\/p>\n<p data-ofstats-scroll=\"read_depth_70\"><strong>\u00ab\u00a0On demande vraiment le pardon du pape au nom de l\u2019\u00c9glise pour le mal qui a \u00e9t\u00e9 fait pendant des ann\u00e9es, le silence qui a exist\u00e9\u00a0\u00bb<\/strong>, a-t-il ajout\u00e9.<\/p>\n<p>        D\u00e9chu de son \u00e9tat de pr\u00eatre<\/p>\n<p data-ofstats-scroll=\"read_depth_80\">Le parquet de Lille a ouvert la semaine derni\u00e8re une information judiciaire visant Jacques Delfosse sur des violences sexuelles dont des viols sur mineurs concernant sept victimes.<\/p>\n<p data-ofstats-scroll=\"read_depth_80\">Au total, 26\u00a0personnes avaient port\u00e9 plainte, mais 19\u00a0plaintes dont celle de M. Brouwer, concernaient des faits prescrits.<\/p>\n<p data-ofstats-scroll=\"read_depth_80\">La justice canonique, interne \u00e0 l\u2019\u00c9glise catholique, a d\u00e9chu Jacques Delfosse en septembre\u00a02025 de son \u00e9tat de pr\u00eatre.<\/p>\n<p data-ofstats-scroll=\"read_depth_90\">Il avait \u00e9t\u00e9 condamn\u00e9 en 2007 \u00e0 cinq ans de prison, dont six mois ferme, pour avoir viol\u00e9 deux adolescentes de moins de 15\u00a0ans dans les ann\u00e9es 1980 quand il \u00e9tait aum\u00f4nier \u00e0 Roubaix\u00a0(Nord).<\/p>\n<p data-ofstats-scroll=\"read_depth_100\">L\u2019enqu\u00eate avait alors permis d\u2019identifier 37\u00a0victimes, mais seules deux d\u2019entre elles \u00e9taient concern\u00e9es par des faits non prescrits.<\/p>\n","protected":false},"excerpt":{"rendered":"L\u2019archev\u00eaque du dioc\u00e8se de Lille\u00a0(Nord) Laurent Le Boulc\u2019h a demand\u00e9 pardon au nom de l\u2019\u00c9glise et d\u00e9nonc\u00e9 lundi&hellip;\n","protected":false},"author":2,"featured_media":1159934,"comment_status":"","ping_status":"","sticky":false,"template":"","format":"standard","meta":{"footnotes":"","_share_on_mastodon":"0"},"categories":[2815],"tags":[1111,74853,11,1777,674,1011,27,811,1307,12,1308,1974,11725,25,7940,96,1125,1265],"class_list":["post-1159933","post","type-post","status-publish","format-standard","has-post-thumbnail","category-lille","tag-actu","tag-actualite-en-continu","tag-actualites","tag-eu","tag-europe","tag-fr","tag-france","tag-hauts-de-france","tag-lille","tag-news","tag-nord","tag-pedocriminalite","tag-religions","tag-republique-francaise","tag-roubaix","tag-une","tag-val-de-marne","tag-viol"],"share_on_mastodon":{"url":"https:\/\/pubeurope.com\/@fr\/117192461318272472","error":""},"_links":{"self":[{"href":"https:\/\/www.europesays.com\/fr\/wp-json\/wp\/v2\/posts\/1159933","targetHints":{"allow":["GET"]}}],"collection":[{"href":"https:\/\/www.europesays.com\/fr\/wp-json\/wp\/v2\/posts"}],"about":[{"href":"https:\/\/www.europesays.com\/fr\/wp-json\/wp\/v2\/types\/post"}],"author":[{"embeddable":true,"href":"https:\/\/www.europesays.com\/fr\/wp-json\/wp\/v2\/users\/2"}],"replies":[{"embeddable":true,"href":"https:\/\/www.europesays.com\/fr\/wp-json\/wp\/v2\/comments?post=1159933"}],"version-history":[{"count":0,"href":"https:\/\/www.europesays.com\/fr\/wp-json\/wp\/v2\/posts\/1159933\/revisions"}],"wp:featuredmedia":[{"embeddable":true,"href":"https:\/\/www.europesays.com\/fr\/wp-json\/wp\/v2\/media\/1159934"}],"wp:attachment":[{"href":"https:\/\/www.europesays.com\/fr\/wp-json\/wp\/v2\/media?parent=1159933"}],"wp:term":[{"taxonomy":"category","embeddable":true,"href":"https:\/\/www.europesays.com\/fr\/wp-json\/wp\/v2\/categories?post=1159933"},{"taxonomy":"post_tag","embeddable":true,"href":"https:\/\/www.europesays.com\/fr\/wp-json\/wp\/v2\/tags?post=1159933"}],"curies":[{"name":"wp","href":"https:\/\/api.w.org\/{rel}","templated":true}]}}