{"id":1159945,"date":"2026-08-31T22:30:24","date_gmt":"2026-08-31T22:30:24","guid":{"rendered":"https:\/\/www.europesays.com\/fr\/1159945\/"},"modified":"2026-08-31T22:30:24","modified_gmt":"2026-08-31T22:30:24","slug":"je-ne-me-rendais-pas-compte-un-ex-animateur-du-periscolaire-juge-a-paris-pour-agression-sexuelle-sur-neuf-mineures","status":"publish","type":"post","link":"https:\/\/www.europesays.com\/fr\/1159945\/","title":{"rendered":"\u00ab\u00a0Je ne me rendais pas compte\u00a0\u00bb: un ex-animateur du p\u00e9riscolaire jug\u00e9 \u00e0 Paris pour agression sexuelle sur neuf mineures"},"content":{"rendered":"<p class=\"mb-4 text-lg md:leading-8 break-words\">Triste hasard du calendrier qui ram\u00e8ne, s&rsquo;il le fallait, au <a data-ylk=\"slk:scandale du p\u00e9riscolaire;elm:context_link;itc:0;sec:content-canvas;\" data-yga=\"{&quot;yLinkElement&quot;:&quot;link&quot;,&quot;yLinkElementType&quot;:&quot;article_link&quot;}\" href=\"https:\/\/www.bfmtv.com\/police-justice\/violences-physiques-et-sexuelles-dans-le-periscolaire_DN-202605200536.html\" rel=\"noopener noreferrer nofollow\" target=\"_blank\">scandale du p\u00e9riscolaire<\/a>. Ce lundi 31 ao\u00fbt, veille de rentr\u00e9e scolaire, Michael M., un ex-animateur de 38 ans, comparaissait pour des agressions sexuelles sur neuf mineures, \u00e2g\u00e9es entre six et neuf ans, au sein du p\u00e9riscolaire de l&rsquo;\u00e9cole primaire Vig\u00e9e-Lebrun, dans le 15e arrondissement de Paris.<\/p>\n<p class=\"mb-4 text-lg md:leading-8 break-words\">Costume bleu roi sur le dos, cheveux longs retenus par un chouchou noir, le pr\u00e9venu au casier judiciaire vierge a reconnu les faits, comme c&rsquo;est le cas depuis le d\u00e9but de cette affaire, en 2024. Un jour de janvier, alors qu&rsquo;elle quitte son \u00e9cole parisienne, une jeune \u00e9l\u00e8ve confie \u00e0 sa m\u00e8re que son animateur Michael M. lui a touch\u00e9 les fesses.<\/p>\n<p class=\"mb-4 text-lg md:leading-8 break-words\">Interloqu\u00e9e, la m\u00e8re se tourne vers lui et l&rsquo;interpelle. L&rsquo;homme se d\u00e9fend: il n&rsquo;a pas touch\u00e9 les fesses, mais le bas du dos de la petite fille. Cette explication, le pr\u00e9venu l&rsquo;accompagne d&rsquo;un geste, suscitant la col\u00e8re de la m\u00e8re de famille qui le gifle et d\u00e9pose plainte.<\/p>\n<p class=\"mb-4 text-lg md:leading-8 break-words\">Les t\u00e9moins, dont des enfants et des animateurs, entendus un \u00e0 un dans la proc\u00e9dure, alourdissent un peu plus les charges retenues contre cet ex-animateur: neuf jeunes victimes sont identifi\u00e9es dans ce dossier. Elles l&rsquo;accusent d&rsquo;attouchement sur les fesses ou le pubis.<\/p>\n<p>\u00ab\u00a0Je n&rsquo;ai pas respect\u00e9 la premi\u00e8re r\u00e8gle\u00a0\u00bb<\/p>\n<p class=\"mb-4 text-lg md:leading-8 break-words\">Ce lundi, le pr\u00e9sident du tribunal correctionnel a aussi relev\u00e9 l&rsquo;esquisse d&rsquo;un v\u00e9ritable mode op\u00e9ratoire chez le pr\u00e9venu. \u00ab\u00a0Cela se passe toujours sous le pr\u00e9au, pendant les temps, \u00e0 l&rsquo;abri des regards\u00a0\u00bb, appuie-t-il.<\/p>\n<p class=\"mb-4 text-lg md:leading-8 break-words\">Les mains pos\u00e9es sur la barre, Michael M. exprime des regrets. \u00ab\u00a0Je suis d\u00e9sol\u00e9 de tout ce que j&rsquo;ai fait, je m&rsquo;excuse, je demande pardon \u00e0 toutes les victimes et leurs familles\u00a0\u00bb, dit-il. \u00ab\u00a0Je n&rsquo;ai pas respect\u00e9 la premi\u00e8re r\u00e8gle que l&rsquo;on apprend lorsqu&rsquo;on devient animateur, et je le regrette \u00e9norm\u00e9ment.\u00a0\u00bb<\/p>\n<p class=\"mb-4 text-lg md:leading-8 break-words\">Laquelle, lui demande le pr\u00e9sident. \u00ab\u00a0La r\u00e8gle fondamentale, la premi\u00e8re r\u00e8gle, pour un animateur, c&rsquo;est d&rsquo;assurer la s\u00e9curit\u00e9 affective, physique et morale des enfants\u00a0\u00bb, r\u00e9pond-il. \u00ab\u00a0Je ne l&rsquo;ai pas respect\u00e9e.\u00a0\u00bb Basket grises aux pieds, il reconna\u00eet bien avoir \u00ab\u00a0touch\u00e9 de fa\u00e7on inappropri\u00e9e des mineurs\u00a0\u00bb, mais nie \u00eatre attir\u00e9 sexuellement par les jeunes enfants.<\/p>\n<p>Le BAFA \u00e0 30 ans<\/p>\n<p class=\"mb-4 text-lg md:leading-8 break-words\">Ces regrets exprim\u00e9s, le pr\u00e9venu, qui affirme reconna\u00eetre les faits, dit aussi ne se souvenir de rien ou alors de tr\u00e8s peu pour la plupart des cas \u00e9voqu\u00e9s un \u00e0 un. \u00c0 peine, dit-il reconna\u00eetre l&rsquo;une des enfants en lan\u00e7ant un regard \u00e0 la photo que lui tend l&rsquo;une des avocates de la partie civile. Me Carine Durrieu Diebolt, autre avocate de la partie civile, a d&rsquo;ailleurs regrett\u00e9 des \u00ab\u00a0aveux qui n&rsquo;ont pas \u00e9t\u00e9 jusqu&rsquo;au bout de la reconnaissance des faits\u00a0\u00bb.<\/p>\n<p class=\"mb-4 text-lg md:leading-8 break-words\">Les questions fusent aussi lorsque le tribunal s&rsquo;int\u00e9resse aux choix de vie du pr\u00e9venu. Pourquoi a-t-il install\u00e9 une application sur laquelle il \u00e9changeait avec des p\u00e9docriminels, alors que l&rsquo;enqu\u00eate le concernant \u00e9tait en cours? Il assure avoir voulu \u00ab\u00a0parler avec eux pour les d\u00e9noncer\u00a0\u00bb. Le pr\u00e9sident rel\u00e8ve qu&rsquo;il n&rsquo;y a jamais eu de d\u00e9nonciation aupr\u00e8s d&rsquo;une autorit\u00e9 comp\u00e9tente.<\/p>\n<p class=\"mb-4 text-lg md:leading-8 break-words\">Pourquoi a-t-il d\u00e9cid\u00e9 de passer son Bafa \u00e0 30 ans? \u00ab\u00a0Je faisais beaucoup de sorties scolaires avec ma fille\u00a0\u00bb, r\u00e9pond-il, expliquant qu&rsquo;on lui disait qu&rsquo;il \u00e9tait \u00e0 l&rsquo;aise avec les enfants.<\/p>\n<p>\u00ab\u00a0Je ne me rendais pas compte de la gravit\u00e9\u00a0\u00bb<\/p>\n<p class=\"mb-4 text-lg md:leading-8 break-words\">Il pense aujourd&rsquo;hui qu&rsquo;un \u00ab\u00a0bruit, une odeur\u00a0\u00bb a r\u00e9veill\u00e9 ses \u00ab\u00a0pulsions\u00a0\u00bb lorsqu&rsquo;il a commenc\u00e9 \u00e0 travailler avec les CP dans le 15e arrondissement, se demandant s&rsquo;il n&rsquo;a pas v\u00e9cu quelque chose lorsqu&rsquo;il \u00e9tait au CP. Mais une avocate de victime lui rappelle qu&rsquo;il a d\u00e9j\u00e0 travaill\u00e9 avant \u00e0 Bagneux, en Normandie, avec des CE2. Il se d\u00e9fend en disant ne pas encore comprendre aujourd&rsquo;hui ce qui a d\u00e9clench\u00e9 cela chez lui.<\/p>\n<p class=\"mb-4 text-lg md:leading-8 break-words\">\u00ab\u00a0J&rsquo;ai l&rsquo;impression que je ne me rendais pas compte de la gravit\u00e9 des choses et c&rsquo;est au moment o\u00f9 j&rsquo;ai \u00e9t\u00e9 agress\u00e9 par la maman que je me suis rendu compte de la gravit\u00e9 des faits \u00e0 ce moment-l\u00e0\u00a0\u00bb, dit-il aussi au tribunal.<\/p>\n<p class=\"mb-4 text-lg md:leading-8 break-words\">Il se confie aussi sur la honte qu&rsquo;il dit ressentir. \u00ab\u00a0Est-ce que cette honte explique que vous portez un masque dans cette salle d&rsquo;audience qui est pleine\u00a0\u00bb, lui demande le pr\u00e9sident. \u00ab\u00a0En partie, oui\u00a0\u00bb, lui r\u00e9pond le pr\u00e9venu. \u00ab\u00a0Finalement, c&rsquo;est une bonne chose que vous ayez \u00e9t\u00e9 arr\u00eat\u00e9, non? O\u00f9 est-ce que \u00e7a vous conduisait tout \u00e7a?\u00a0\u00bb, rebondit le pr\u00e9sident.<\/p>\n<p>Recueillir la parole d&rsquo;un enfant<\/p>\n<p class=\"mb-4 text-lg md:leading-8 break-words\">Et c&rsquo;est t\u00eate baiss\u00e9e qu&rsquo;il \u00e9coute un p\u00e8re de famille raconter l&rsquo;affaire qui a boulevers\u00e9 sa famille. L&rsquo;homme a tent\u00e9 de rassurer sa jeune enfant afin de la mettre en confiance, apr\u00e8s avoir apr\u00e8s appris que Michael M. a touch\u00e9 une petite fille \u00e0 l&rsquo;\u00e9cole. Un jour, alors qu&rsquo;elle prend sa douche, la petite s&rsquo;effondre. \u00ab\u00a0Elle m&rsquo;a tout expliqu\u00e9\u00a0\u00bb, confie le p\u00e8re de famille. Aujourd&rsquo;hui, la jeune enfant \u00e0 neuf ans. \u00ab\u00a0Elle est bien entour\u00e9e. Elle rentre en CM1\u00a0\u00bb, expose-t-il. \u00ab\u00a0Elle a juste un probl\u00e8me avec la nudit\u00e9. On ne peut pas lui mettre de short.\u00a0\u00bb<\/p>\n<p class=\"mb-4 text-lg md:leading-8 break-words\">De retour \u00e0 la barre, le pr\u00e9venu l&rsquo;affirme: \u00ab\u00a0Je ressens de la tristesse d&rsquo;avoir bris\u00e9 autant de vie, de la honte et surtout du d\u00e9go\u00fbt de moi-m\u00eame\u00a0\u00bb. Apr\u00e8s plus de sept heures d&rsquo;audience, le procureur de la R\u00e9publique a requis 5 ans de prison, dont 1 an ferme et quatre ans de sursis avec un suivi socio-judiciaire pendant pr\u00e8s de cinq ans. La d\u00e9cision a \u00e9t\u00e9 mise en d\u00e9lib\u00e9r\u00e9. Elle sera rendue le mardi 15 septembre prochain.<\/p>\n<p class=\"mb-4 text-lg md:leading-8 break-words\"><a data-ylk=\"slk:Article original publi\u00e9 sur BFMTV.com;elm:context_link;itc:0;sec:content-canvas;\" data-yga=\"{&quot;yLinkElement&quot;:&quot;link&quot;,&quot;yLinkElementType&quot;:&quot;article_link&quot;}\" href=\"https:\/\/www.bfmtv.com\/police-justice\/je-ne-me-rendais-pas-compte-un-ex-animateur-du-periscolaire-juge-a-paris-pour-agression-sexuelle-sur-neuf-mineures_AN-202608310864.html#xtor=AL-68\" rel=\"noopener noreferrer nofollow\" target=\"_blank\">Article original publi\u00e9 sur BFMTV.com<\/a><\/p>\n","protected":false},"excerpt":{"rendered":"Triste hasard du calendrier qui ram\u00e8ne, s&rsquo;il le fallait, au scandale du p\u00e9riscolaire. Ce lundi 31 ao\u00fbt, veille&hellip;\n","protected":false},"author":2,"featured_media":1159946,"comment_status":"","ping_status":"","sticky":false,"template":"","format":"standard","meta":{"footnotes":"","_share_on_mastodon":"0"},"categories":[1888],"tags":[16883,11045,119231,1111,1928,11,1927,119223,119230,150,119221,119234,119200,119224,119214,119228,9122,3477,119220,119222,119236,119218,119232,119227,119208,119219,119210,119209,119215,31407,1777,674,9866,1011,27,119205,119213,119212,119225,119199,74329,119206,119203,119226,119233,119197,119204,119198,119229,119216,12,1926,626,1925,119235,119202,119207,25,119237,119217,119201,9066,119211],"class_list":["post-1159945","post","type-post","status-publish","format-standard","has-post-thumbnail","category-paris","tag-15e","tag-11045","tag-a-peine","tag-actu","tag-actu-paris","tag-actualites","tag-actualites-paris","tag-agees-entre-six-et-neuf-ans","tag-alourdissent-un-peu","tag-apres","tag-apres-avoir-apres","tag-autre-avocate-de-la-partie-civile","tag-avoir-voulu-parler-avec-eux-pour-les","tag-bafa-a-30-ans-je-faisais-beaucoup","tag-cest-une-bonne","tag-carine-durrieu-diebolt","tag-ces","tag-cette","tag-chez-le","tag-chez-lui","tag-commence-a-travailler-avec-les","tag-confie-le-pere-de-famille","tag-contre-cet","tag-costume-bleu-roi-sur-le-dos","tag-dit-il","tag-dit-il-aussi-au-tribunal","tag-dit-il-je","tag-elle-rentre-en-cm1","tag-elle-sera-rendue-le","tag-elles","tag-eu","tag-europe","tag-explique","tag-fr","tag-france","tag-il-pense-aujourdhui","tag-il-se-confie-aussi-sur-la-honte","tag-il-se-defend-en-disant-ne-pas-encore","tag-jamais-eu-de-denonciation-aupres-dune","tag-lhomme-se","tag-laquelle","tag-le-president-releve","tag-lorsquil-etait-au-cp","tag-lorsquon-devient-animateur","tag-mais-une","tag-michael-m","tag-michael-m-exprime-des-regrets","tag-michael-m-lui","tag-nont-pas-ete","tag-ne-peut-pas-lui-mettre-de-short","tag-news","tag-news-paris","tag-paris","tag-paris-news","tag-prend-sa","tag-repond-il","tag-repond-il-je-ne","tag-republique-francaise","tag-tete-baissee","tag-touche-une","tag-triste-hasard-du-calendrier-qui","tag-un","tag-veille-de-rentree-scolaire"],"share_on_mastodon":{"url":"","error":"Validation failed: Text character limit of 500 exceeded"},"_links":{"self":[{"href":"https:\/\/www.europesays.com\/fr\/wp-json\/wp\/v2\/posts\/1159945","targetHints":{"allow":["GET"]}}],"collection":[{"href":"https:\/\/www.europesays.com\/fr\/wp-json\/wp\/v2\/posts"}],"about":[{"href":"https:\/\/www.europesays.com\/fr\/wp-json\/wp\/v2\/types\/post"}],"author":[{"embeddable":true,"href":"https:\/\/www.europesays.com\/fr\/wp-json\/wp\/v2\/users\/2"}],"replies":[{"embeddable":true,"href":"https:\/\/www.europesays.com\/fr\/wp-json\/wp\/v2\/comments?post=1159945"}],"version-history":[{"count":0,"href":"https:\/\/www.europesays.com\/fr\/wp-json\/wp\/v2\/posts\/1159945\/revisions"}],"wp:featuredmedia":[{"embeddable":true,"href":"https:\/\/www.europesays.com\/fr\/wp-json\/wp\/v2\/media\/1159946"}],"wp:attachment":[{"href":"https:\/\/www.europesays.com\/fr\/wp-json\/wp\/v2\/media?parent=1159945"}],"wp:term":[{"taxonomy":"category","embeddable":true,"href":"https:\/\/www.europesays.com\/fr\/wp-json\/wp\/v2\/categories?post=1159945"},{"taxonomy":"post_tag","embeddable":true,"href":"https:\/\/www.europesays.com\/fr\/wp-json\/wp\/v2\/tags?post=1159945"}],"curies":[{"name":"wp","href":"https:\/\/api.w.org\/{rel}","templated":true}]}}