{"id":1159947,"date":"2026-08-31T22:31:18","date_gmt":"2026-08-31T22:31:18","guid":{"rendered":"https:\/\/www.europesays.com\/fr\/1159947\/"},"modified":"2026-08-31T22:31:18","modified_gmt":"2026-08-31T22:31:18","slug":"periscolaire-a-paris-juge-pour-agressions-sexuelles-lanimateur-est-frappe-damnesie-mais-regrette","status":"publish","type":"post","link":"https:\/\/www.europesays.com\/fr\/1159947\/","title":{"rendered":"P\u00e9riscolaire \u00e0 Paris\u00a0: Jug\u00e9 pour agressions sexuelles, l\u2019animateur est frapp\u00e9 d\u2019amn\u00e9sie mais \u00ab\u00a0regrette\u00a0\u00bb"},"content":{"rendered":"<p class=\"mb-4 text-lg md:leading-8 break-words\"><strong>SCANDALE PARISIEN &#8211; Jug\u00e9 ce lundi pour des agressions sexuelles sur neuf enfants dans une \u00e9cole du 15e arrondissement de Paris Micha\u00ebl M. a reconnu les faits mais affirm\u00e9 ne presque plus s&rsquo;en souvenir<\/strong><\/p>\n<p class=\"mb-4 text-lg md:leading-8 break-words\">Micha\u00ebl M., 38 ans, \u00e9tait jug\u00e9 lundi pour des <a data-ylk=\"slk:agressions sexuelles;elm:context_link;itc:0;sec:content-canvas;\" data-yga=\"{&quot;yLinkElement&quot;:&quot;link&quot;,&quot;yLinkElementType&quot;:&quot;article_link&quot;}\" href=\"https:\/\/www.20minutes.fr\/dossier\/agression_sexuelle?at_medium=RSS%20feed&amp;at_campaign=ynews&amp;utm_source=yahoo&amp;utm_medium=rss&amp;utm_campaign=news_feed&amp;utm_content=in_article_link\" rel=\"noopener noreferrer nofollow\" target=\"_blank\">agressions sexuelles<\/a> visant neuf enfants \u00e2g\u00e9s de 6 \u00e0 9 ans, commises entre septembre 2022 et janvier 2024 dans <a data-ylk=\"slk:une \u00e9cole primaire du 15e arrondissement de Paris;elm:context_link;itc:0;sec:content-canvas;\" data-yga=\"{&quot;yLinkElement&quot;:&quot;link&quot;,&quot;yLinkElementType&quot;:&quot;article_link&quot;}\" href=\"https:\/\/www.20minutes.fr\/politique\/4216525-20260403-periscolaire-paris-gregoire-annonce-plan-action-20-millions-euros-promet-transparence-totale?at_medium=RSS%20feed&amp;at_campaign=ynews&amp;utm_source=yahoo&amp;utm_medium=rss&amp;utm_campaign=news_feed&amp;utm_content=in_article_link\" rel=\"noopener noreferrer nofollow\" target=\"_blank\">une \u00e9cole primaire du 15e arrondissement de Paris<\/a>. Plac\u00e9 sous contr\u00f4le judiciaire depuis mars 2026, il encourt jusqu&rsquo;\u00e0 dix ans d&#8217;emprisonnement.<\/p>\n<p class=\"mb-4 text-lg md:leading-8 break-words\">A la barre, le pr\u00e9venu a reconnu les faits tout en affirmant ne presque plus en avoir de souvenirs. \u00ab Je suis d\u00e9sol\u00e9 de tout ce que j&rsquo;ai fait, je demande pardon \u00e0 toutes les victimes et leurs familles. Je regrette \u00e9norm\u00e9ment tout ce qui s&rsquo;est pass\u00e9 \u00bb, a-t-il d\u00e9clar\u00e9. Interrog\u00e9 sur les faits pr\u00e9cis, il a r\u00e9p\u00e9t\u00e9 : \u00ab je ne me souviens pas \u00bb, \u00ab je l&rsquo;ignore \u00bb ou encore \u00ab je ne me l&rsquo;explique pas \u00bb.<\/p>\n<p>Une affaire qui remonte \u00e0 2024<\/p>\n<p class=\"mb-4 text-lg md:leading-8 break-words\">L&rsquo;affaire avait d\u00e9but\u00e9 le 12 janvier 2024 avec la plainte de la m\u00e8re d&rsquo;une fillette de 6 ans, qui avait racont\u00e9 que l&rsquo;animateur lui avait \u00ab touch\u00e9 les fesses \u00bb \u00e0 deux reprises. L&rsquo;<a data-ylk=\"slk:enqu\u00eate;elm:context_link;itc:0;sec:content-canvas;\" data-yga=\"{&quot;yLinkElement&quot;:&quot;link&quot;,&quot;yLinkElementType&quot;:&quot;article_link&quot;}\" href=\"https:\/\/www.20minutes.fr\/dossier\/enquete?at_medium=RSS%20feed&amp;at_campaign=ynews&amp;utm_source=yahoo&amp;utm_medium=rss&amp;utm_campaign=news_feed&amp;utm_content=in_article_link\" rel=\"noopener noreferrer nofollow\" target=\"_blank\">enqu\u00eate<\/a> a ensuite permis d&rsquo;identifier d&rsquo;autres victimes pr\u00e9sum\u00e9es, plusieurs fillettes ayant d\u00e9crit des attouchements sur les fesses ou le sexe, notamment dans le pr\u00e9au ou lors d&rsquo;une sortie scolaire.<\/p>\n<p class=\"mb-4 text-lg md:leading-8 break-words\">Le pr\u00e9sident du tribunal a relev\u00e9 un \u00ab mode op\u00e9ratoire \u00bb souvent similaire, tandis que les d\u00e9clarations des enfants ont, pour la plupart, \u00e9t\u00e9 jug\u00e9es \u00ab vraisemblables \u00bb ou sans signe d&rsquo;\u00ab affabulation \u00bb par les experts. Confront\u00e9 \u00e0 la photo d&rsquo;une victime pr\u00e9sum\u00e9e, Micha\u00ebl M. a r\u00e9pondu : \u00ab \u00e7a me dit vaguement quelque chose \u00bb, avant d&rsquo;ajouter \u00e0 propos des faits : \u00ab \u00e7a ne me rappelle rien \u00bb.<\/p>\n<p class=\"mb-4 text-lg md:leading-8 break-words\">\u00ab (&#8230;)<\/p>\n<p class=\"mb-4 text-lg md:leading-8 break-words\"><a data-ylk=\"slk:Lire la suite sur 20minutes;elm:context_link;itc:0;sec:content-canvas;\" data-yga=\"{&quot;yLinkElement&quot;:&quot;link&quot;,&quot;yLinkElementType&quot;:&quot;article_link&quot;}\" href=\"https:\/\/www.20minutes.fr\/justice\/4242048-20260831-periscolaire-paris-juge-agressions-sexuelles-animateur-frappe-amnesie-regrette?at_medium=RSS%20feed&amp;at_campaign=ynews&amp;utm_source=yahoo&amp;utm_medium=rss&amp;utm_campaign=news_feed&amp;utm_content=read_more_link&quot;\" rel=\"noopener noreferrer nofollow\" target=\"_blank\">Lire la suite sur 20minutes<\/a><\/p>\n<p>\u00c0 lire aussi :<br \/><a data-ylk=\"slk:Paris : Un animateur p\u00e9riscolaire soup\u00e7onn\u00e9 d&#039;agressions sexuelles relax\u00e9 malgr\u00e9 \u00ab un comportement inappropri\u00e9 \u00bb;elm:context_link;itc:0;sec:content-canvas;\" data-yga=\"{&quot;yLinkElement&quot;:&quot;link&quot;,&quot;yLinkElementType&quot;:&quot;article_link&quot;}\" href=\"https:\/\/www.20minutes.fr\/justice\/4229405-20260616-paris-animateur-periscolaire-soupconne-agressions-sexuelles-relaxe-malgre-comportement-inapproprie?at_medium=RSS%20feed&amp;at_campaign=ynews&amp;utm_source=yahoo&amp;utm_medium=rss&amp;utm_campaign=news_feed&amp;utm_content=related_content_link\" rel=\"noopener noreferrer nofollow\" target=\"_blank\">Paris : Un animateur p\u00e9riscolaire soup\u00e7onn\u00e9 d&rsquo;agressions sexuelles relax\u00e9 malgr\u00e9 \u00ab un comportement inappropri\u00e9 \u00bb<\/a><br \/><a data-ylk=\"slk:Paris : Un animateur p\u00e9riscolaire relax\u00e9 d&#039;agressions sexuelles, au b\u00e9n\u00e9fice du doute;elm:context_link;itc:0;sec:content-canvas;\" data-yga=\"{&quot;yLinkElement&quot;:&quot;link&quot;,&quot;yLinkElementType&quot;:&quot;article_link&quot;}\" href=\"https:\/\/www.20minutes.fr\/justice\/4233331-20260707-paris-animateur-periscolaire-relaxe-agressions-sexuelles-benefice-doute?at_medium=RSS%20feed&amp;at_campaign=ynews&amp;utm_source=yahoo&amp;utm_medium=rss&amp;utm_campaign=news_feed&amp;utm_content=related_content_link\" rel=\"noopener noreferrer nofollow\" target=\"_blank\">Paris : Un animateur p\u00e9riscolaire relax\u00e9 d&rsquo;agressions sexuelles, au b\u00e9n\u00e9fice du doute<\/a><\/p>\n","protected":false},"excerpt":{"rendered":"SCANDALE PARISIEN &#8211; Jug\u00e9 ce lundi pour des agressions sexuelles sur neuf enfants dans une \u00e9cole du 15e&hellip;\n","protected":false},"author":2,"featured_media":1159948,"comment_status":"","ping_status":"","sticky":false,"template":"","format":"standard","meta":{"footnotes":"","_share_on_mastodon":"0"},"categories":[1888],"tags":[1111,1928,11,1927,1777,674,1011,27,119238,119197,12,1926,626,1925,25,9066],"class_list":["post-1159947","post","type-post","status-publish","format-standard","has-post-thumbnail","category-paris","tag-actu","tag-actu-paris","tag-actualites","tag-actualites-paris","tag-eu","tag-europe","tag-fr","tag-france","tag-je-regrette-enormement","tag-michael-m","tag-news","tag-news-paris","tag-paris","tag-paris-news","tag-republique-francaise","tag-un"],"share_on_mastodon":{"url":"https:\/\/pubeurope.com\/@fr\/117192496880998144","error":""},"_links":{"self":[{"href":"https:\/\/www.europesays.com\/fr\/wp-json\/wp\/v2\/posts\/1159947","targetHints":{"allow":["GET"]}}],"collection":[{"href":"https:\/\/www.europesays.com\/fr\/wp-json\/wp\/v2\/posts"}],"about":[{"href":"https:\/\/www.europesays.com\/fr\/wp-json\/wp\/v2\/types\/post"}],"author":[{"embeddable":true,"href":"https:\/\/www.europesays.com\/fr\/wp-json\/wp\/v2\/users\/2"}],"replies":[{"embeddable":true,"href":"https:\/\/www.europesays.com\/fr\/wp-json\/wp\/v2\/comments?post=1159947"}],"version-history":[{"count":0,"href":"https:\/\/www.europesays.com\/fr\/wp-json\/wp\/v2\/posts\/1159947\/revisions"}],"wp:featuredmedia":[{"embeddable":true,"href":"https:\/\/www.europesays.com\/fr\/wp-json\/wp\/v2\/media\/1159948"}],"wp:attachment":[{"href":"https:\/\/www.europesays.com\/fr\/wp-json\/wp\/v2\/media?parent=1159947"}],"wp:term":[{"taxonomy":"category","embeddable":true,"href":"https:\/\/www.europesays.com\/fr\/wp-json\/wp\/v2\/categories?post=1159947"},{"taxonomy":"post_tag","embeddable":true,"href":"https:\/\/www.europesays.com\/fr\/wp-json\/wp\/v2\/tags?post=1159947"}],"curies":[{"name":"wp","href":"https:\/\/api.w.org\/{rel}","templated":true}]}}