{"id":1159952,"date":"2026-08-31T22:34:16","date_gmt":"2026-08-31T22:34:16","guid":{"rendered":"https:\/\/www.europesays.com\/fr\/1159952\/"},"modified":"2026-08-31T22:34:16","modified_gmt":"2026-08-31T22:34:16","slug":"ukraine-attaques-hybrides-russes-la-diplomatie-de-lue-fait-sa-rentree","status":"publish","type":"post","link":"https:\/\/www.europesays.com\/fr\/1159952\/","title":{"rendered":"Ukraine, attaques \u00ab\u00a0hybrides\u00a0\u00bb russes: la diplomatie de l&rsquo;UE fait sa rentr\u00e9e"},"content":{"rendered":"<p>\u00ab\u00a0Les attaques russes contre les Ukrainiens deviennent de plus en plus brutales\u00a0\u00bb, a expliqu\u00e9 un responsable de l&rsquo;UE, avant ces deux r\u00e9unions. <\/p>\n<p>En juillet dernier, le nombre de victimes civiles \u00e9tait 70% plus \u00e9lev\u00e9 qu&rsquo;en juillet l&rsquo;an dernier, \u00ab\u00a0ce qui est \u00e9norme\u00a0\u00bb a-t-il ajout\u00e9.<\/p>\n<p>La Russie a dit lundi pr\u00e9parer des \u00ab\u00a0frappes massives\u00a0\u00bb contre les infrastructures \u00e9nerg\u00e9tiques en Ukraine, avant l&rsquo;arriv\u00e9e de l&rsquo;hiver, dans l&rsquo;espoir de briser enfin le moral des Ukrainiens apr\u00e8s plus de quatre ann\u00e9es de guerre.<\/p>\n<p>Pour esp\u00e9rer prot\u00e9ger ses villes et ses infrastructures, Kiev dispose de toute une batterie d&rsquo;intercepteurs, mais manque cruellement de ceux qui permettent de contrer les tirs de missiles balistiques russes, notamment les Patriot de fabrication am\u00e9ricaine.<\/p>\n<p>Les ministres de la D\u00e9fense vont une nouvelle fois faire le tour de table des pays disposant de tels intercepteurs, dans l&rsquo;espoir de les convaincre \u00e0 faire un effort suppl\u00e9mentaire.<\/p>\n<p>\u00ab\u00a0Ceux qui ont fourni des syst\u00e8mes de d\u00e9fense a\u00e9rienne \u00e0 l\u2019Ukraine ont d\u00e9j\u00e0 accompli beaucoup\u00a0\u00bb, a reconnu ce responsable europ\u00e9en, mais \u00ab\u00a0d\u2019autres doivent encore en livrer, et c\u2019est l\u00e0 que portera notre travail\u00a0\u00bb.<\/p>\n<p>Il faut aussi de l&rsquo;argent. <\/p>\n<p>Au moins quatre pays europ\u00e9ens &#8211; l&rsquo;Espagne, la Su\u00e8de, la Pologne et les Pays-Bas &#8211; ont jug\u00e9 r\u00e9cemment dans une lettre commune qu&rsquo;il \u00e9tait d\u00e9sormais temps d&rsquo;utiliser les avoirs russes gel\u00e9s dans l&rsquo;UE, qui repr\u00e9sentent quelque 210 milliards d&rsquo;euros.<\/p>\n<p>La Belgique et d&rsquo;autres pays, s&rsquo;y sont fermement oppos\u00e9s fin 2025, contraignant les 27 \u00e0 opter pour un emprunt commun de 90 milliards d&rsquo;euros pour aider l&rsquo;Ukraine.<\/p>\n<p>Le d\u00e9bat va \u00eatre relanc\u00e9, mais ses chances d&rsquo;aboutir restent minces, selon un autre responsable europ\u00e9en, sous couvert d&rsquo;anonymat.<\/p>\n<p>Ministres de la d\u00e9fense et chefs de la diplomatie se retrouvent aussi apr\u00e8s une s\u00e9rie d&rsquo;attaques sur le sol europ\u00e9en attribu\u00e9es \u00e0 la Russie. <\/p>\n<p>L&rsquo;Allemagne \u00ab\u00a0est davantage entr\u00e9e dans le viseur d&rsquo;attaques hybrides\u00a0\u00bb, a d\u00e9clar\u00e9 la semaine derni\u00e8re le chancelier allemand Friedrich Merz.<\/p>\n<p>Berlin d\u00e9signe ainsi les tentatives de sabotage, de d\u00e9sinformation et d&rsquo;espionnage sur son sol, en hausse depuis le d\u00e9but de la guerre en Ukraine et imput\u00e9es \u00e0 la Russie.<\/p>\n<p>D\u00e9but ao\u00fbt, un drone charg\u00e9 d&rsquo;explosifs a \u00e9t\u00e9 d\u00e9couvert dans la zone s\u00e9curis\u00e9e des op\u00e9rations de fret de l&rsquo;a\u00e9roport de Leipzig (est), \u00e0 proximit\u00e9 de plusieurs avions-cargos ukrainiens.<\/p>\n<p>Cet a\u00e9roport est consid\u00e9r\u00e9 comme un point de transit important pour les livraisons d&rsquo;aide militaire \u00e0 l&rsquo;Ukraine dans sa guerre contre la Russie.<\/p>\n<p>En d\u00e9pit d&rsquo;autres attaques de ce type, les responsables europ\u00e9ens sont jusqu&rsquo;\u00e0 pr\u00e9sent rest\u00e9s prudents dans leur r\u00e9ponse, m\u00eame si Berlin a promis de \u00ab\u00a0faire payer les auteurs\u00a0\u00bb d&rsquo;attaques hybrides.<\/p>\n<p>Certains ministres, notamment ceux des pays baltes, voisins de la Russie, s&rsquo;impatientent. \u00ab\u00a0La campagne de sabotage et de subversion men\u00e9e par Poutine \u00e0 travers l\u2019Europe n\u2019est pas une \u00ab\u00a0guerre hybride. C\u2019est du terrorisme d\u2019\u00c9tat. Appelons les choses par leur nom\u00a0\u00bb, a ainsi d\u00e9clar\u00e9 ce weekend le chef de la diplomatie estonienne Margus Tsahkna.<\/p>\n<p>Certains services de renseignement s&rsquo;inqui\u00e8tent aussi d&rsquo;une \u00e9ventuelle attaque de la Russie contre un pays de l&rsquo;Otan. <\/p>\n<p>Selon les m\u00e9dias am\u00e9ricains, le patron de la CIA, John Ratcliffe, s&rsquo;est rendu fin ao\u00fbt \u00e0 Moscou pour mettre en garde la Russie contre toute attaque contre un membre de l&rsquo;Otan, alors que des \u00e9valuations des services de renseignement am\u00e9ricains indiquent que Moscou pourrait chercher \u00e0 mettre l&rsquo;alliance \u00e0 l&rsquo;\u00e9preuve.<\/p>\n<p>Une premi\u00e8re discussion autour d&rsquo;une liste de 1.600 individus et entit\u00e9s russes devrait avoir lieu mercredi entre ministres des Affaires \u00e9trang\u00e8res, selon un responsable europ\u00e9en.<\/p>\n<p>Les ministres vont \u00e9galement commencer \u00e0 r\u00e9fl\u00e9chir \u00e0 une r\u00e9forme du service diplomatique de l&rsquo;UE, que certains pays, comme la France et l&rsquo;Allemagne, jugent insuffisamment efficace. <\/p>\n<p>Le ministre britannique des Affaires \u00e9trang\u00e8res Ed Milliband et son homologue ukrainien Andri\u00ef Sybiga seront pr\u00e9sents mercredi \u00e0 Wicklow, pr\u00e8s de Dublin, \u00e0 l\u2019invitation de leurs coll\u00e8gues de l&rsquo;UE.<\/p>\n","protected":false},"excerpt":{"rendered":"\u00ab\u00a0Les attaques russes contre les Ukrainiens deviennent de plus en plus brutales\u00a0\u00bb, a expliqu\u00e9 un responsable de l&rsquo;UE,&hellip;\n","protected":false},"author":2,"featured_media":1159953,"comment_status":"","ping_status":"","sticky":false,"template":"","format":"standard","meta":{"footnotes":"","_share_on_mastodon":"0"},"categories":[1591],"tags":[5734,11,9821,312,21,1887,329,20299,1861,12,2536,1885,1886,132,220],"class_list":["post-1159952","post","type-post","status-publish","format-standard","has-post-thumbnail","category-russie","tag-5734","tag-actualites","tag-attaques","tag-diplomatie","tag-fait","tag-federation-de-russie","tag-france-monde","tag-hybrides","tag-lue","tag-news","tag-russes","tag-russia","tag-russian-federation","tag-russie","tag-ukraine"],"share_on_mastodon":{"url":"https:\/\/pubeurope.com\/@fr\/117192508596296801","error":""},"_links":{"self":[{"href":"https:\/\/www.europesays.com\/fr\/wp-json\/wp\/v2\/posts\/1159952","targetHints":{"allow":["GET"]}}],"collection":[{"href":"https:\/\/www.europesays.com\/fr\/wp-json\/wp\/v2\/posts"}],"about":[{"href":"https:\/\/www.europesays.com\/fr\/wp-json\/wp\/v2\/types\/post"}],"author":[{"embeddable":true,"href":"https:\/\/www.europesays.com\/fr\/wp-json\/wp\/v2\/users\/2"}],"replies":[{"embeddable":true,"href":"https:\/\/www.europesays.com\/fr\/wp-json\/wp\/v2\/comments?post=1159952"}],"version-history":[{"count":0,"href":"https:\/\/www.europesays.com\/fr\/wp-json\/wp\/v2\/posts\/1159952\/revisions"}],"wp:featuredmedia":[{"embeddable":true,"href":"https:\/\/www.europesays.com\/fr\/wp-json\/wp\/v2\/media\/1159953"}],"wp:attachment":[{"href":"https:\/\/www.europesays.com\/fr\/wp-json\/wp\/v2\/media?parent=1159952"}],"wp:term":[{"taxonomy":"category","embeddable":true,"href":"https:\/\/www.europesays.com\/fr\/wp-json\/wp\/v2\/categories?post=1159952"},{"taxonomy":"post_tag","embeddable":true,"href":"https:\/\/www.europesays.com\/fr\/wp-json\/wp\/v2\/tags?post=1159952"}],"curies":[{"name":"wp","href":"https:\/\/api.w.org\/{rel}","templated":true}]}}