{"id":1159964,"date":"2026-08-31T22:41:24","date_gmt":"2026-08-31T22:41:24","guid":{"rendered":"https:\/\/www.europesays.com\/fr\/1159964\/"},"modified":"2026-08-31T22:41:24","modified_gmt":"2026-08-31T22:41:24","slug":"lessentiel-des-institutions-de-lunion-europeenne","status":"publish","type":"post","link":"https:\/\/www.europesays.com\/fr\/1159964\/","title":{"rendered":"L&rsquo;essentiel des institutions de l&rsquo;Union europ\u00e9enne"},"content":{"rendered":"<p>    <img decoding=\"async\" src=\"https:\/\/www.europesays.com\/fr\/wp-content\/uploads\/2026\/08\/9782297291361-475x500-1-6a8cd1aaa477b557092855.jpg\" alt=\"ActuaLitt\u00e9\" loading=\"lazy\"\/><\/p>\n<p>\n                En 2026, l&rsquo;Union europ\u00e9enne traverse une phase de consolidation majeure. Entre l&rsquo;\u00e9largissement effectif de l&rsquo;espace Schengen et l&rsquo;installation de nouveaux ex\u00e9cutifs nationaux, cet ouvrage offre une analyse \u00e0 jour. Les 3 points forts de l&rsquo;\u00e9dition 2026 &#8211; L&rsquo;ouvrage int\u00e8gre les bouleversements r\u00e9cents qui red\u00e9finissent l&rsquo;Union avec notamment l&rsquo;int\u00e9gration pleine et enti\u00e8re de la Roumanie et de la Bulgarie (effective depuis le 1er janvier 2025). &#8211; L&rsquo;ouvrage se concentre sur la pratique juridique actuelle en d\u00e9cryptant les actes juridiques (r\u00e8glements, directives) et les principes de primaut\u00e9 et d&rsquo;effet direct, mis en lumi\u00e8re par les arr\u00eats de la CJUE les plus r\u00e9cents (2025-2026). &#8211; Le droit europ\u00e9en est souvent per\u00e7u comme technique et complexe, cet ouvrage brise cette barri\u00e8re gr\u00e2ce \u00e0 des tableaux r\u00e9capitulatifs sur le triangle institutionnel (Commission, Parlement, Conseil), des sch\u00e9mas clairs sur le processus de cod\u00e9cision l\u00e9gislative et des exemples concrets tir\u00e9s de l&rsquo;actualit\u00e9 \u00e9conomique et environnementale europ\u00e9enne de 2026. Un ouvrage clair, structur\u00e9 et indispensable sp\u00e9cialement con\u00e7u pour les \u00e9tudiants de L2 et L3 en droit mais aussi pour les candidats aux concours administratifs. Une synth\u00e8se rapide sur les comp\u00e9tences partag\u00e9es et exclusives de l&rsquo;UE en 2026.\n              <\/p>\n","protected":false},"excerpt":{"rendered":"En 2026, l&rsquo;Union europ\u00e9enne traverse une phase de consolidation majeure. Entre l&rsquo;\u00e9largissement effectif de l&rsquo;espace Schengen et l&rsquo;installation&hellip;\n","protected":false},"author":2,"featured_media":1159965,"comment_status":"","ping_status":"","sticky":false,"template":"","format":"standard","meta":{"footnotes":"","_share_on_mastodon":"0"},"categories":[1586],"tags":[11,1777,674,1779,1011,27,12,25,1778,364],"class_list":["post-1159964","post","type-post","status-publish","format-standard","has-post-thumbnail","category-europe","tag-actualites","tag-eu","tag-europe","tag-european-union","tag-fr","tag-france","tag-news","tag-republique-francaise","tag-ue","tag-union-europeenne"],"share_on_mastodon":{"url":"https:\/\/pubeurope.com\/@fr\/117192537718994056","error":""},"_links":{"self":[{"href":"https:\/\/www.europesays.com\/fr\/wp-json\/wp\/v2\/posts\/1159964","targetHints":{"allow":["GET"]}}],"collection":[{"href":"https:\/\/www.europesays.com\/fr\/wp-json\/wp\/v2\/posts"}],"about":[{"href":"https:\/\/www.europesays.com\/fr\/wp-json\/wp\/v2\/types\/post"}],"author":[{"embeddable":true,"href":"https:\/\/www.europesays.com\/fr\/wp-json\/wp\/v2\/users\/2"}],"replies":[{"embeddable":true,"href":"https:\/\/www.europesays.com\/fr\/wp-json\/wp\/v2\/comments?post=1159964"}],"version-history":[{"count":0,"href":"https:\/\/www.europesays.com\/fr\/wp-json\/wp\/v2\/posts\/1159964\/revisions"}],"wp:featuredmedia":[{"embeddable":true,"href":"https:\/\/www.europesays.com\/fr\/wp-json\/wp\/v2\/media\/1159965"}],"wp:attachment":[{"href":"https:\/\/www.europesays.com\/fr\/wp-json\/wp\/v2\/media?parent=1159964"}],"wp:term":[{"taxonomy":"category","embeddable":true,"href":"https:\/\/www.europesays.com\/fr\/wp-json\/wp\/v2\/categories?post=1159964"},{"taxonomy":"post_tag","embeddable":true,"href":"https:\/\/www.europesays.com\/fr\/wp-json\/wp\/v2\/tags?post=1159964"}],"curies":[{"name":"wp","href":"https:\/\/api.w.org\/{rel}","templated":true}]}}