{"id":1159969,"date":"2026-08-31T22:45:15","date_gmt":"2026-08-31T22:45:15","guid":{"rendered":"https:\/\/www.europesays.com\/fr\/1159969\/"},"modified":"2026-08-31T22:45:15","modified_gmt":"2026-08-31T22:45:15","slug":"leolien-en-mer-a-produit-5-7-twh-en-france-en-2025","status":"publish","type":"post","link":"https:\/\/www.europesays.com\/fr\/1159969\/","title":{"rendered":"L\u2019\u00e9olien en mer a produit 5.7 TWh en France en 2025"},"content":{"rendered":"<p>\n      Cette production est en hausse de 43.3%, par rapport \u00e0 2024. L\u2019\u00e9olien en mer a produit 1.3% de la consommation \u00e9lectrique du pays.\n    <\/p>\n<p>L\u2019\u00e9olien en mer a produit 5.7 TWh en 2025, selon le panorama de l\u2019\u00e9lectricit\u00e9 renouvelable du Syndicat des \u00e9nergies renouvelables (SER). Cela repr\u00e9sente 1.7 TWh de plus qu\u2019en 2024 (4 TWh, soit une hausse de 43.3%, par rapport \u00e0 2024), mais cette \u00e9nergie constitue encore une part tr\u00e8s faible dans la consommation \u00e9lectrique nationale (1.3%). Toutefois, l\u2019\u00e9olien en mer couvre d\u00e9j\u00e0 6.7% de la consommation \u00e9lectrique en Normandie, 8.4% en Pays de la Loire et 8% en Bretagne.<\/p>\n<p>Ce sont 415 MW qui ont \u00e9t\u00e9 mis en service en 2025, contre 661 MW en 2024, 360 MW en 2023 et 480 MW en 2022. Ainsi, \u00e0 la fin de l\u2019ann\u00e9e, la capacit\u00e9 install\u00e9e en France atteignait 1919 MW. Les projets en cours de d\u00e9veloppement repr\u00e9sentent 3398 MW et les appels d\u2019offres \u00e0 venir 5850 MW.\u00a0<\/p>\n<p>L\u2019ann\u00e9e 2025 a \u00e9t\u00e9 marqu\u00e9e par l\u2019attribution du huiti\u00e8me appel d\u2019offres (AO8), le 2 avril 2025. Le consortium Cotentin Energies Marines, r\u00e9unissant TotalEnergies et RWE, a \u00e9t\u00e9 d\u00e9sign\u00e9 laur\u00e9at avec un tarif propos\u00e9 de 66 euros\/MWh. Ce parc d\u20191.5 GW, situ\u00e9 au large de la baie de Seine, \u00e0 proximit\u00e9 du parc Centre Manche 1, devrait entrer en production au d\u00e9but des ann\u00e9es 2030. L\u2019an pass\u00e9 a \u00e9galement \u00e9t\u00e9 marqu\u00e9 par la mise en service du tout premier parc \u00e9olien flottant pilote, Provence Grand Large (PGL, 25 MW, port\u00e9 par EDF Renouvelables avec Enbridge et CPP Investments), au large de Fos-sur-Mer. L\u2019\u00e9olien fran\u00e7ais a \u00e9galement connu un revers\u00a0: l\u2019AO7 (Ol\u00e9ron) a \u00e9t\u00e9 d\u00e9clar\u00e9 infructueux.<\/p>\n<p><strong>\u00a9 Un article de la r\u00e9daction de Mer et Marine.\u00a0Reproduction interdite sans consentement du ou des auteurs.\u00a0<\/strong><\/p>\n<p>\u00a0<\/p>\n","protected":false},"excerpt":{"rendered":"Cette production est en hausse de 43.3%, par rapport \u00e0 2024. L\u2019\u00e9olien en mer a produit 1.3% de&hellip;\n","protected":false},"author":2,"featured_media":1159970,"comment_status":"","ping_status":"","sticky":false,"template":"","format":"standard","meta":{"footnotes":"","_share_on_mastodon":"0"},"categories":[4],"tags":[11,6130,6141,6131,6138,2380,6135,554,6136,1011,27,6139,6134,3135,6128,567,6129,6127,12,6132,4838,6133,25,6140,6137],"class_list":["post-1159969","post","type-post","status-publish","format-standard","has-post-thumbnail","category-france","tag-actualites","tag-chantiers","tag-commando","tag-construction-navale","tag-costa","tag-croisiere","tag-dcns","tag-defense","tag-euronaval","tag-fr","tag-france","tag-fremm","tag-interviews","tag-littoral","tag-marine","tag-marine-nationale","tag-maritime","tag-mer","tag-news","tag-offshore","tag-peche","tag-reportages","tag-republique-francaise","tag-sncm","tag-stx"],"share_on_mastodon":{"url":"https:\/\/pubeurope.com\/@fr\/117192551693158582","error":""},"_links":{"self":[{"href":"https:\/\/www.europesays.com\/fr\/wp-json\/wp\/v2\/posts\/1159969","targetHints":{"allow":["GET"]}}],"collection":[{"href":"https:\/\/www.europesays.com\/fr\/wp-json\/wp\/v2\/posts"}],"about":[{"href":"https:\/\/www.europesays.com\/fr\/wp-json\/wp\/v2\/types\/post"}],"author":[{"embeddable":true,"href":"https:\/\/www.europesays.com\/fr\/wp-json\/wp\/v2\/users\/2"}],"replies":[{"embeddable":true,"href":"https:\/\/www.europesays.com\/fr\/wp-json\/wp\/v2\/comments?post=1159969"}],"version-history":[{"count":0,"href":"https:\/\/www.europesays.com\/fr\/wp-json\/wp\/v2\/posts\/1159969\/revisions"}],"wp:featuredmedia":[{"embeddable":true,"href":"https:\/\/www.europesays.com\/fr\/wp-json\/wp\/v2\/media\/1159970"}],"wp:attachment":[{"href":"https:\/\/www.europesays.com\/fr\/wp-json\/wp\/v2\/media?parent=1159969"}],"wp:term":[{"taxonomy":"category","embeddable":true,"href":"https:\/\/www.europesays.com\/fr\/wp-json\/wp\/v2\/categories?post=1159969"},{"taxonomy":"post_tag","embeddable":true,"href":"https:\/\/www.europesays.com\/fr\/wp-json\/wp\/v2\/tags?post=1159969"}],"curies":[{"name":"wp","href":"https:\/\/api.w.org\/{rel}","templated":true}]}}