{"id":1159973,"date":"2026-08-31T22:54:18","date_gmt":"2026-08-31T22:54:18","guid":{"rendered":"https:\/\/www.europesays.com\/fr\/1159973\/"},"modified":"2026-08-31T22:54:18","modified_gmt":"2026-08-31T22:54:18","slug":"une-championne-du-monde-debarque-a-la-fdj-united-suez-actualite","status":"publish","type":"post","link":"https:\/\/www.europesays.com\/fr\/1159973\/","title":{"rendered":"Une Championne du Monde d\u00e9barque \u00e0 la FDJ United-Suez &#8211; Actualit\u00e9"},"content":{"rendered":"<p>La formation FDJ United Suez annonce, lundi en fin d&rsquo;apr\u00e8s-midi, la signature pour les deux prochaines saisons de la Suissesse Anja Grossmann, qui n&rsquo;est encore que Junior 2\u00e8me ann\u00e9e en cette saison 2026. L&rsquo;Helv\u00e8te s&rsquo;est engag\u00e9e pour les deux prochaines saisons, soit jusqu&rsquo;\u00e0 fin 2028.<\/p>\n<p><strong><a style=\"color: #000000; text-decoration: underline;\" href=\"https:\/\/www.directvelo.com\/coureur\/64190\/anja-grossmann\" target=\"_blank\" rel=\"noopener nofollow\">Anja Grossmann<\/a><\/strong> est la Championne de Suisse Juniors sur route et contre-la-montre en titre. Peu pr\u00e9sente sur la route, elle a termin\u00e9 dans le Top 5 de chacune des trois manches du Valromey en juillet dernier, dont deux fois 2e. Elle s&rsquo;est \u00e9galement class\u00e9e 4e d&rsquo;In Flanders Fields, le Gand-Wevelgem des Juniors Femmes, <strong><a style=\"color: #000000; text-decoration: underline;\" href=\"https:\/\/www.directvelo.com\/epreuve\/49951\/in-flanders-fields-juniors-dames-2026\" target=\"_blank\" rel=\"noopener nofollow\">\u00e9preuve remport\u00e9e cette ann\u00e9e par la Fran\u00e7aise Laly Pichon.<\/a><br \/><\/strong><br \/>L&rsquo;an dernier, en n&rsquo;\u00e9tant encore que J1, elle avait d\u00e9croch\u00e9 la m\u00e9daille d&rsquo;argent sur le Championnat d&rsquo;Europe en Dr\u00f4me-Ard\u00e8che, et <strong><a style=\"color: #000000; text-decoration: underline;\" href=\"https:\/\/www.directvelo.com\/epreuve\/48413\/championnat-du-monde-juniors-femmes-2025\" target=\"_blank\" rel=\"noopener nofollow\">la m\u00e9daille de bronze lors du Mondial \u00e0 Kigali, au Rwanda.<\/a><\/strong>\u00a0<\/p>\n<p>sp\u00e9cialiste de VTT, Anja Grossmann vient tout juste d&rsquo;\u00eatre sacr\u00e9e Championne du Monde U19 de la discipline le week-end dernier, \u00e0 Val di Sole (Trentin), en Italie.\u00a0<\/p>\n<p>La jeune femme de 17 ans brille aussi en cyclo-cross, elle qui a gagn\u00e9 de nombreuses comp\u00e9titions dans les sous-bois.\u00a0<strong><a style=\"color: #000000; text-decoration: underline;\" href=\"https:\/\/www.directvelo.com\/epreuve\/44958\/cc-championnat-deurope-juniors-femmes-2024\" target=\"_blank\" rel=\"noopener nofollow\">Elle a notamment \u00e9t\u00e9 sacr\u00e9e Championne d&rsquo;Europe Juniors<\/a><\/strong> de la discipline durant l&rsquo;hiver 2024-2025, alors qu&rsquo;elle n&rsquo;\u00e9tait encore que J1. Anja Grossmann int\u00e8gre donc par la m\u00eame occasion et comme d\u00e9j\u00e0 annonc\u00e9 au pr\u00e9alable, <strong><a style=\"color: #000000; text-decoration: underline;\" href=\"https:\/\/www.directvelo.com\/actualite\/131190\/la-fdj-united-suez-cree-une-equipe-uci-de-cyclo-cross\" target=\"_blank\" rel=\"noopener nofollow\">la nouvelle structure de cyclo-cross de la FDJ United-Suez,<\/a><\/strong> \u00e0 savoir Specialized TMRW.<\/p>\n<p>Retrouvez tous les transferts f\u00e9minins de l&rsquo;intersaison <strong><a style=\"color: #000000; text-decoration: underline;\" href=\"https:\/\/www.directvelo.com\/mutations\/2027#teams-women\" target=\"_blank\" rel=\"noopener nofollow\">en cliquant ici.<\/a><\/strong>\u00a0<\/p>\n","protected":false},"excerpt":{"rendered":"La formation FDJ United Suez annonce, lundi en fin d&rsquo;apr\u00e8s-midi, la signature pour les deux prochaines saisons de&hellip;\n","protected":false},"author":2,"featured_media":1159974,"comment_status":"","ping_status":"","sticky":false,"template":"","format":"standard","meta":{"footnotes":"","_share_on_mastodon":"0"},"categories":[1411],"tags":[834,828,836,829,837,827,83,826,824,823,1154,207,814,817,815,816,822,821,832,211,839,1011,27,820,818,819,835,831,830,833,838,60,212,208,825],"class_list":["post-1159973","post","type-post","status-publish","format-standard","has-post-thumbnail","category-cyclisme","tag-attaque","tag-belgique","tag-braquet","tag-bretagne","tag-chute","tag-competition","tag-coupe-de-france","tag-coureur","tag-course-cyclisme","tag-course-cycliste","tag-cycling","tag-cyclisme","tag-direct","tag-direct-velo","tag-directvelo","tag-directvelo-com","tag-epreuve","tag-epreuve-cycliste","tag-federation-francaise-de-cyclisme","tag-ffc","tag-flandres","tag-fr","tag-france","tag-live","tag-live-course","tag-live-epreuve","tag-peloton","tag-radio-peloton","tag-radio-tour","tag-ravitaillement","tag-relance","tag-sports","tag-uci","tag-velo","tag-velos"],"share_on_mastodon":{"url":"https:\/\/pubeurope.com\/@fr\/117192587245355479","error":""},"_links":{"self":[{"href":"https:\/\/www.europesays.com\/fr\/wp-json\/wp\/v2\/posts\/1159973","targetHints":{"allow":["GET"]}}],"collection":[{"href":"https:\/\/www.europesays.com\/fr\/wp-json\/wp\/v2\/posts"}],"about":[{"href":"https:\/\/www.europesays.com\/fr\/wp-json\/wp\/v2\/types\/post"}],"author":[{"embeddable":true,"href":"https:\/\/www.europesays.com\/fr\/wp-json\/wp\/v2\/users\/2"}],"replies":[{"embeddable":true,"href":"https:\/\/www.europesays.com\/fr\/wp-json\/wp\/v2\/comments?post=1159973"}],"version-history":[{"count":0,"href":"https:\/\/www.europesays.com\/fr\/wp-json\/wp\/v2\/posts\/1159973\/revisions"}],"wp:featuredmedia":[{"embeddable":true,"href":"https:\/\/www.europesays.com\/fr\/wp-json\/wp\/v2\/media\/1159974"}],"wp:attachment":[{"href":"https:\/\/www.europesays.com\/fr\/wp-json\/wp\/v2\/media?parent=1159973"}],"wp:term":[{"taxonomy":"category","embeddable":true,"href":"https:\/\/www.europesays.com\/fr\/wp-json\/wp\/v2\/categories?post=1159973"},{"taxonomy":"post_tag","embeddable":true,"href":"https:\/\/www.europesays.com\/fr\/wp-json\/wp\/v2\/tags?post=1159973"}],"curies":[{"name":"wp","href":"https:\/\/api.w.org\/{rel}","templated":true}]}}