{"id":1159989,"date":"2026-08-31T23:06:13","date_gmt":"2026-08-31T23:06:13","guid":{"rendered":"https:\/\/www.europesays.com\/fr\/1159989\/"},"modified":"2026-08-31T23:06:13","modified_gmt":"2026-08-31T23:06:13","slug":"lionel-richie-aux-soins-intensifs-apres-un-malaise-en-plein-concert","status":"publish","type":"post","link":"https:\/\/www.europesays.com\/fr\/1159989\/","title":{"rendered":"Lionel Richie aux soins intensifs apr\u00e8s un malaise en plein concert"},"content":{"rendered":"<p class=\"ap-StoryElement ap-StoryElement--mb ap-StoryText\">D&rsquo;apr\u00e8s les m\u00e9dias am\u00e9ricains TMZ et Page Six, Lionel Richie a \u00e9t\u00e9 admis en soins intensifs apr\u00e8s avoir eu du mal \u00e0 finir son concert samedi soir. De quoi inqui\u00e9ter les fans pr\u00e9sents dans la salle. En effet, lors de son interpr\u00e9tation du tube All night long, une chaise a m\u00eame d\u00fb lui \u00eatre apport\u00e9e sur sc\u00e8ne afin de terminer sa prestation.<\/p>\n<p class=\"ap-StoryElement ap-StoryElement--mb ap-StoryText\">Apr\u00e8s une batterie d&rsquo;examens \u00e0 l&rsquo;h\u00f4pital, les premiers r\u00e9sultats m\u00e9dicaux r\u00e9v\u00e9leraient que le chanteur souffre d&rsquo;une \u00ab\u00a0l\u00e9g\u00e8re d\u00e9shydratation\u00a0\u00bb, laissant esp\u00e9rer sa sortie de l&rsquo;h\u00f4pital d\u00e8s ce mardi si les nouveaux examens m\u00e9dicaux sont favorables.<\/p>\n","protected":false},"excerpt":{"rendered":"D&rsquo;apr\u00e8s les m\u00e9dias am\u00e9ricains TMZ et Page Six, Lionel Richie a \u00e9t\u00e9 admis en soins intensifs apr\u00e8s avoir&hellip;\n","protected":false},"author":2,"featured_media":1159990,"comment_status":"","ping_status":"","sticky":false,"template":"","format":"standard","meta":{"footnotes":"","_share_on_mastodon":"0"},"categories":[8],"tags":[58,59,16686,1011,27,1227],"class_list":["post-1159989","post","type-post","status-publish","format-standard","has-post-thumbnail","category-divertissement","tag-divertissement","tag-entertainment","tag-fbl","tag-fr","tag-france","tag-horizontal"],"share_on_mastodon":{"url":"https:\/\/pubeurope.com\/@fr\/117192634483565887","error":""},"_links":{"self":[{"href":"https:\/\/www.europesays.com\/fr\/wp-json\/wp\/v2\/posts\/1159989","targetHints":{"allow":["GET"]}}],"collection":[{"href":"https:\/\/www.europesays.com\/fr\/wp-json\/wp\/v2\/posts"}],"about":[{"href":"https:\/\/www.europesays.com\/fr\/wp-json\/wp\/v2\/types\/post"}],"author":[{"embeddable":true,"href":"https:\/\/www.europesays.com\/fr\/wp-json\/wp\/v2\/users\/2"}],"replies":[{"embeddable":true,"href":"https:\/\/www.europesays.com\/fr\/wp-json\/wp\/v2\/comments?post=1159989"}],"version-history":[{"count":0,"href":"https:\/\/www.europesays.com\/fr\/wp-json\/wp\/v2\/posts\/1159989\/revisions"}],"wp:featuredmedia":[{"embeddable":true,"href":"https:\/\/www.europesays.com\/fr\/wp-json\/wp\/v2\/media\/1159990"}],"wp:attachment":[{"href":"https:\/\/www.europesays.com\/fr\/wp-json\/wp\/v2\/media?parent=1159989"}],"wp:term":[{"taxonomy":"category","embeddable":true,"href":"https:\/\/www.europesays.com\/fr\/wp-json\/wp\/v2\/categories?post=1159989"},{"taxonomy":"post_tag","embeddable":true,"href":"https:\/\/www.europesays.com\/fr\/wp-json\/wp\/v2\/tags?post=1159989"}],"curies":[{"name":"wp","href":"https:\/\/api.w.org\/{rel}","templated":true}]}}