{"id":1159993,"date":"2026-08-31T23:08:20","date_gmt":"2026-08-31T23:08:20","guid":{"rendered":"https:\/\/www.europesays.com\/fr\/1159993\/"},"modified":"2026-08-31T23:08:20","modified_gmt":"2026-08-31T23:08:20","slug":"etats-unis-trump-va-rencontrer-les-patrons-du-petrole-pour-essayer-de-faire-redescendre-les-prix","status":"publish","type":"post","link":"https:\/\/www.europesays.com\/fr\/1159993\/","title":{"rendered":"Etats-Unis\u00a0: Trump va rencontrer les patrons du p\u00e9trole pour essayer de faire redescendre les prix"},"content":{"rendered":"<p>A l\u2019approche des midterms de novembre, <a href=\"https:\/\/www.20minutes.fr\/dossier\/donald_trump\" target=\"_blank\" class=\"c-link c-link--is-underlined\" rel=\"nofollow noopener\">Donald Trump<\/a> veut acc\u00e9l\u00e9rer les efforts pour contenir la hausse des <a href=\"https:\/\/www.20minutes.fr\/dossier\/prix-de-lessence\" target=\"_blank\" class=\"c-link c-link--is-underlined\" rel=\"nofollow noopener\">prix de l\u2019essence<\/a> aux Etats-Unis. Le pr\u00e9sident am\u00e9ricain doit rencontrer demain mardi des dirigeants de compagnies p\u00e9troli\u00e8res et du secteur du raffinage, dans un contexte de progression des cours du <a href=\"https:\/\/www.20minutes.fr\/dossier\/petrole\" target=\"_blank\" class=\"c-link c-link--is-underlined\" rel=\"nofollow noopener\">p\u00e9trole<\/a> depuis le d\u00e9but, fin f\u00e9vrier, de la guerre contre l\u2019Iran.<\/p>\n<p>La Maison-Blanche veut notamment examiner les moyens d\u2019augmenter les capacit\u00e9s de raffinage aux <a href=\"https:\/\/www.20minutes.fr\/monde\/etats-unis\/\" target=\"_blank\" class=\"c-link c-link--is-underlined\" rel=\"nofollow noopener\">Etats-Unis<\/a>. \u00ab\u00a0Le pr\u00e9sident rencontrera des dirigeants du secteur pour collaborer sur les meilleures fa\u00e7ons d\u2019accro\u00eetre les capacit\u00e9s de raffinage, de favoriser la domination \u00e9nerg\u00e9tique am\u00e9ricaine sur l\u2019ensemble de la cha\u00eene d\u2019approvisionnement et de faire baisser les prix pour le peuple am\u00e9ricain\u00a0\u00bb, a d\u00e9clar\u00e9 lundi Taylor Rogers, porte-parole de la Maison-Blanche.<\/p>\n<p>L\u2019accord avec le Venezuala doit r\u00e9duire le prix<\/p>\n<p>Cette r\u00e9union intervient apr\u00e8s l<a href=\"https:\/\/www.20minutes.fr\/monde\/etats-unis\/4241583-20260829-etats-unis-trump-annonce-accord-petrolier-venezuela-met-main-plus-65-milliards-barils\" target=\"_blank\" class=\"c-link c-link--is-underlined\" rel=\"nofollow noopener\">a signature d\u2019un accord avec le Venezuela<\/a> qui doit permettre aux Etats-Unis de contr\u00f4ler plus de 65\u00a0milliards de barils de r\u00e9serves p\u00e9troli\u00e8res. Selon un responsable de la Maison-Blanche s\u2019exprimant sous couvert de l\u2019anonymat, ces \u00e9changes sont \u00ab\u00a0particuli\u00e8rement opportuns alors que nous augmentons les flux de brut v\u00e9n\u00e9zu\u00e9lien vers les raffineries am\u00e9ricaines\u00a0\u00bb.<\/p>\n<p>Depuis la capture de <a href=\"https:\/\/www.20minutes.fr\/dossier\/nicolas_maduro\" target=\"_blank\" class=\"c-link c-link--is-underlined\" rel=\"nofollow noopener\">Nicol\u00e1s Maduro<\/a> par les forces am\u00e9ricaines lors d\u2019un raid militaire d\u00e9but janvier, Donald Trump cherche \u00e0 relancer l\u2019exploitation des ressources p\u00e9troli\u00e8res et gazi\u00e8res du <a href=\"https:\/\/www.20minutes.fr\/monde\/venezuela\/\" target=\"_blank\" class=\"c-link c-link--is-underlined\" rel=\"nofollow noopener\">Venezuela<\/a> sous son patronage. Vendredi, il avait assur\u00e9 que l\u2019accord conclu avec Caracas permettrait \u00ab\u00a0de r\u00e9duire consid\u00e9rablement le prix de l\u2019essence pour tous les Am\u00e9ricains, et ce pendant de nombreuses ann\u00e9es\u00a0\u00bb.<\/p>\n<p>Les midterms de novembre en ligne de mire<\/p>\n<p>L\u2019administration am\u00e9ricaine esp\u00e8re que l\u2019augmentation des arriv\u00e9es de p\u00e9trole v\u00e9n\u00e9zu\u00e9lien pourra compenser une partie des perturbations li\u00e9es au conflit avec l\u2019Iran. La reprise des hostilit\u00e9s entre Washington et <a href=\"https:\/\/www.20minutes.fr\/monde\/teheran\/\" target=\"_blank\" class=\"c-link c-link--is-underlined\" rel=\"nofollow noopener\">T\u00e9h\u00e9ran<\/a> a de nouveau soutenu les cours lundi, avec un Brent remont\u00e9 \u00e0 plus de 90 dollars le baril.<\/p>\n<p><a href=\"https:\/\/www.20minutes.fr\/monde\/etats-unis\/\" target=\"_blank\" class=\"c-link c-btn c-btn--primary\" rel=\"nofollow noopener\">Notre dossier sur les Etats-Unis<\/a><\/p>\n<p>La question du prix de l\u2019essence constitue aussi un enjeu politique pour les r\u00e9publicains, alors que les <a href=\"https:\/\/www.20minutes.fr\/dossier\/midterms\" target=\"_blank\" class=\"c-link c-link--is-underlined\" rel=\"nofollow noopener\">midterms<\/a> de novembre s\u2019annoncent difficiles pour leur camp. La Maison-Blanche n\u2019a pas communiqu\u00e9 la liste des participants \u00e0 la r\u00e9union de mardi, indiquant seulement que des \u00ab\u00a0distributeurs et raffineurs de petite, moyenne et grande taille\u00a0\u00bb seraient pr\u00e9sents.<\/p>\n","protected":false},"excerpt":{"rendered":"A l\u2019approche des midterms de novembre, Donald Trump veut acc\u00e9l\u00e9rer les efforts pour contenir la hausse des prix&hellip;\n","protected":false},"author":2,"featured_media":1159994,"comment_status":"","ping_status":"","sticky":false,"template":"","format":"standard","meta":{"footnotes":"","_share_on_mastodon":"0"},"categories":[6],"tags":[47,35,75,33,34,73,1011,27,3019,74,844,18866,337],"class_list":["post-1159993","post","type-post","status-publish","format-standard","has-post-thumbnail","category-economie","tag-actualite","tag-business","tag-donald-trump","tag-economie","tag-economy","tag-etats-unis","tag-fr","tag-france","tag-iran","tag-monde","tag-petrole","tag-prix-de-lessence","tag-venezuela"],"share_on_mastodon":{"url":"https:\/\/pubeurope.com\/@fr\/117192642183547019","error":""},"_links":{"self":[{"href":"https:\/\/www.europesays.com\/fr\/wp-json\/wp\/v2\/posts\/1159993","targetHints":{"allow":["GET"]}}],"collection":[{"href":"https:\/\/www.europesays.com\/fr\/wp-json\/wp\/v2\/posts"}],"about":[{"href":"https:\/\/www.europesays.com\/fr\/wp-json\/wp\/v2\/types\/post"}],"author":[{"embeddable":true,"href":"https:\/\/www.europesays.com\/fr\/wp-json\/wp\/v2\/users\/2"}],"replies":[{"embeddable":true,"href":"https:\/\/www.europesays.com\/fr\/wp-json\/wp\/v2\/comments?post=1159993"}],"version-history":[{"count":0,"href":"https:\/\/www.europesays.com\/fr\/wp-json\/wp\/v2\/posts\/1159993\/revisions"}],"wp:featuredmedia":[{"embeddable":true,"href":"https:\/\/www.europesays.com\/fr\/wp-json\/wp\/v2\/media\/1159994"}],"wp:attachment":[{"href":"https:\/\/www.europesays.com\/fr\/wp-json\/wp\/v2\/media?parent=1159993"}],"wp:term":[{"taxonomy":"category","embeddable":true,"href":"https:\/\/www.europesays.com\/fr\/wp-json\/wp\/v2\/categories?post=1159993"},{"taxonomy":"post_tag","embeddable":true,"href":"https:\/\/www.europesays.com\/fr\/wp-json\/wp\/v2\/tags?post=1159993"}],"curies":[{"name":"wp","href":"https:\/\/api.w.org\/{rel}","templated":true}]}}