{"id":116001,"date":"2025-05-21T04:43:10","date_gmt":"2025-05-21T04:43:10","guid":{"rendered":"https:\/\/www.europesays.com\/fr\/116001\/"},"modified":"2025-05-21T04:43:10","modified_gmt":"2025-05-21T04:43:10","slug":"les-chiens-a-la-creche-au-lieu-de-rester-seuls-a-la-maison","status":"publish","type":"post","link":"https:\/\/www.europesays.com\/fr\/116001\/","title":{"rendered":"les chiens \u00e0 la cr\u00e8che au lieu de rester seuls \u00e0 la maison\u2026"},"content":{"rendered":"<p>Certains propri\u00e9taires de chiens pourront ais\u00e9ment le confirmer\u00a0: lorsque le meilleur ami de l\u2019Homme reste seul trop longtemps \u00e0 la maison ou dans l\u2019appartement, les cons\u00e9quences sont g\u00e9n\u00e9ralement notables (surtout s\u2019il n\u2019y a pas \u00e9t\u00e9 progressivement habitu\u00e9). Entre les coussins du canap\u00e9 consciencieusement d\u00e9chiquet\u00e9s \u00e0 coups de crocs et\/ou les aboiements ameutant le voisinage \u00e0 longueur de journ\u00e9e, l\u2019animal t\u00e9moigne ainsi de son mal-\u00eatre et de son angoisse, cons\u00e9quences logiques de l\u2019absence de son ma\u00eetre.<\/p>\n<p>Et c\u2019est pour offrir une solution au couple ma\u00eetre-chien que sont n\u00e9es, r\u00e9cemment, les cr\u00e8ches canines. <a href=\"https:\/\/www.estrepublicain.fr\/societe\/2025\/03\/19\/la-premiere-creche-canine-vient-d-ouvrir-a-nancy-et-ca-marche-deja\" target=\"_blank\" rel=\"noopener\">Dont celles de Patch Guard, pr\u00e9sentes \u00e0 Strasbourg et, depuis mars dernier, \u00e0 Nancy<\/a>.<\/p>\n<p>  \u00ab\u00a0De toutes les races\u00a0\u00bb<\/p>\n<p>\u00ab\u00a0Un chien n\u2019est pas fait pour rester seul\u00a0\u00bb, r\u00e9sume H\u00e9lo\u00efse Lanne, \u00e0 la t\u00eate de ce local de 70 m\u00e8tres carr\u00e9s situ\u00e9 avenue Leclerc et enti\u00e8rement pens\u00e9 \u00e0 la mode canine. \u00ab\u00a0Si on prend un chien, ce n\u2019est pas pour le laisser seul toute la journ\u00e9e\u2026\u00a0\u00bb, insiste celle qui a pr\u00e9vu, dans cette cr\u00e8che, paniers et jouets pour toutous, mais aussi deux boxes ferm\u00e9s, obligatoires en cas de probl\u00e8me.<\/p>\n<p>\u00ab\u00a0J\u2019accueille les chiens de toutes races, y compris <a href=\"https:\/\/www.estrepublicain.fr\/societe\/2024\/07\/13\/apres-plusieurs-attaques-les-chiens-american-bully-xl-mis-a-la-porte\" target=\"_blank\" rel=\"noopener\">les chiens de cat\u00e9gories 1 et 2, ceux dits \u201cdangereux\u201d<\/a>. Tous doivent \u00eatre \u00e0 jour de vaccins et vermifug\u00e9s, mais je ne prends pas les chiens malades, ni les femelles en chaleur car ce serait trop compliqu\u00e9 \u00e0 g\u00e9rer.\u00a0\u00bb<\/p>\n<p>  Sorties r\u00e9guli\u00e8res \u00e0 l\u2019air libre<\/p>\n<p>Avec l\u2019obligation de disposer d\u2019au moins 5 m\u00e8tres carr\u00e9s par animal, la jeune femme de 25 ans, ancienne dog-sitter et form\u00e9e au secourisme animalier notamment, peut s\u2019occuper de 4 toutous simultan\u00e9ment quand elle est seule, et 9 au maximum lorsqu\u2019elle travaille avec un stagiaire en \u00e9cole de v\u00e9t\u00e9rinaire. \u00ab\u00a0Les chiens ne sont pas non-stop dans le local\u00a0: des sorties ont lieu dans les parcs et les squares des quartiers proches, toutes les 1\u00a0h\u00a030 maximum. Il y a ces promenades, mais je n\u2019ai pas de jardin ou de terrain ext\u00e9rieur car ce n\u2019est pas <a href=\"https:\/\/www.estrepublicain.fr\/culture-loisirs\/2024\/09\/03\/la-colo-des-animaux-une-pension-haut-de-gamme-pour-chiens\" target=\"_blank\" rel=\"noopener\">une pension<\/a>.\u00a0\u00bb<\/p>\n<p>Gard\u00e9s \u00e0 l\u2019heure ou \u00e0 la journ\u00e9e voire plus, les chiens sont donc ici comme des coqs en p\u00e2te, le ma\u00eetre \u00e9tant simplement tenu d\u2019apporter leur nourriture habituelle, voire les jouets ou autres doudous dont l\u2019animal serait familier.<\/p>\n<p>Ce contenu est bloqu\u00e9 car vous n&rsquo;avez pas accept\u00e9 les cookies et autres traceurs.<\/p>\n<p>En cliquant sur \u00ab J\u2019accepte \u00bb, les cookies et autres traceurs seront d\u00e9pos\u00e9s et vous pourrez visualiser les contenus  (<a href=\"\" class=\"consentModule_policy\" target=\"_blank\" title=\"Consulter la politique de protection des donn\u00e9es du fournisseur\">plus d&rsquo;informations<\/a>).<\/p>\n<p>En cliquant sur \u00ab J\u2019accepte tous les cookies \u00bb, vous autorisez des d\u00e9p\u00f4ts de cookies et autres traceurs pour le stockage de vos donn\u00e9es sur nos sites et applications \u00e0 des fins de personnalisation et de ciblage publicitaire.<\/p>\n<p class=\"consentModule_secondaryText\">Vous gardez la possibilit\u00e9 de retirer votre consentement \u00e0 tout moment en consultant notre <a href=\"http:\/\/www.estrepublicain.fr\/protection-des-donnees\" target=\"_blank\" title=\"Consulter notre politique de protection des donn\u00e9es\" rel=\"noopener\">politique de protection des donn\u00e9es<\/a>. <br \/>&#13;<br \/>\n            <a href=\"http:\/\/www.estrepublicain.fr\/economie\/2025\/05\/21\/javascript:Didomi.notice.show()\" class=\"consentModule_cmp\" target=\"_blank\" rel=\"noopener\">G\u00e9rer mes choix<\/a>&#13;\n        <\/p>\n<p>&#13;<br \/>\n                        J&rsquo;accepte&#13;<br \/>\n            J&rsquo;accepte tous les cookies&#13;\n        <\/p>\n<p>\u00ab\u00a0Aujourd\u2019hui, la notion de bien-\u00eatre animal est, je pense, de plus en plus pr\u00e9sente et il existe beaucoup de choses destin\u00e9es aux chiens, comme les massages\u00a0; personnellement, j\u2019attache de l\u2019importance \u00e0 la communication avec l\u2019animal, j\u2019aimerais d\u2019ailleurs faire une formation sp\u00e9cifique sur ce point. Ainsi qu\u2019en naturopathie animali\u00e8re, \u00e7a commence \u00e0 se d\u00e9velopper aussi\u2026\u00a0\u00bb, conclut cette \u201cdirectrice de cr\u00e8che\u201d, dont la structure dispose, comme le veut la r\u00e9glementation, d\u2019un v\u00e9t\u00e9rinaire sanitaire r\u00e9f\u00e9rent. \u00ab\u00a0En cas de souci urgent avec un chien, il doit se d\u00e9placer et intervenir.\u00a0\u00bb<\/p>\n","protected":false},"excerpt":{"rendered":"Certains propri\u00e9taires de chiens pourront ais\u00e9ment le confirmer\u00a0: lorsque le meilleur ami de l\u2019Homme reste seul trop longtemps&hellip;\n","protected":false},"author":2,"featured_media":116002,"comment_status":"","ping_status":"","sticky":false,"template":"","format":"standard","meta":{"footnotes":""},"categories":[9635],"tags":[1111,11,4406,33,1704,436,1777,674,1011,27,775,9588,3457,1702,1703,12,3456,25],"class_list":{"0":"post-116001","1":"post","2":"type-post","3":"status-publish","4":"format-standard","5":"has-post-thumbnail","7":"category-nancy","8":"tag-actu","9":"tag-actualites","10":"tag-commerce-et-services","11":"tag-economie","12":"tag-edition-nancy-et-agglomeration","13":"tag-environnement","14":"tag-eu","15":"tag-europe","16":"tag-fr","17":"tag-france","18":"tag-grand-est","19":"tag-ici-on-agit","20":"tag-meurthe-et-moselle","21":"tag-nancy","22":"tag-nancy-ville-54b","23":"tag-news","24":"tag-region-lorraine","25":"tag-republique-francaise"},"share_on_mastodon":{"url":"https:\/\/pubeurope.com\/@fr\/114543998049738670","error":""},"_links":{"self":[{"href":"https:\/\/www.europesays.com\/fr\/wp-json\/wp\/v2\/posts\/116001","targetHints":{"allow":["GET"]}}],"collection":[{"href":"https:\/\/www.europesays.com\/fr\/wp-json\/wp\/v2\/posts"}],"about":[{"href":"https:\/\/www.europesays.com\/fr\/wp-json\/wp\/v2\/types\/post"}],"author":[{"embeddable":true,"href":"https:\/\/www.europesays.com\/fr\/wp-json\/wp\/v2\/users\/2"}],"replies":[{"embeddable":true,"href":"https:\/\/www.europesays.com\/fr\/wp-json\/wp\/v2\/comments?post=116001"}],"version-history":[{"count":0,"href":"https:\/\/www.europesays.com\/fr\/wp-json\/wp\/v2\/posts\/116001\/revisions"}],"wp:featuredmedia":[{"embeddable":true,"href":"https:\/\/www.europesays.com\/fr\/wp-json\/wp\/v2\/media\/116002"}],"wp:attachment":[{"href":"https:\/\/www.europesays.com\/fr\/wp-json\/wp\/v2\/media?parent=116001"}],"wp:term":[{"taxonomy":"category","embeddable":true,"href":"https:\/\/www.europesays.com\/fr\/wp-json\/wp\/v2\/categories?post=116001"},{"taxonomy":"post_tag","embeddable":true,"href":"https:\/\/www.europesays.com\/fr\/wp-json\/wp\/v2\/tags?post=116001"}],"curies":[{"name":"wp","href":"https:\/\/api.w.org\/{rel}","templated":true}]}}