{"id":1160026,"date":"2026-08-31T23:34:13","date_gmt":"2026-08-31T23:34:13","guid":{"rendered":"https:\/\/www.europesays.com\/fr\/1160026\/"},"modified":"2026-08-31T23:34:13","modified_gmt":"2026-08-31T23:34:13","slug":"nice-et-leeds-daccord-pour-bard","status":"publish","type":"post","link":"https:\/\/www.europesays.com\/fr\/1160026\/","title":{"rendered":"Nice et Leeds d&rsquo;accord pour Bard"},"content":{"rendered":"<p class=\"mb-4 text-lg md:leading-8 break-words\">Nice a accept\u00e9 une offre de pr\u00eat payant avec option d&rsquo;achat de la part de Leeds pour son lat\u00e9ral Melvin Bard.<\/p>\n<p class=\"mb-4 text-lg md:leading-8 break-words\">Alors que nous \u00e9voquions une arriv\u00e9e quasiment act\u00e9e de Niels Nkounkou \u00e0 Nice, elle \u00e9tait conditionn\u00e9e au d\u00e9part de Melvin Bard dans les derni\u00e8res heures de ce mercato. Et c&rsquo;est pr\u00e9cis\u00e9ment ce qui est en train de se concr\u00e9tiser. Le lat\u00e9ral gauche de 25 ans avait des pistes en Angleterre, o\u00f9 West Ham et Leeds se sont montr\u00e9s les plus actifs. Si les deux clubs ont chacun formul\u00e9 une offre aupr\u00e8s de la direction ni\u00e7oise, cette derni\u00e8re a accept\u00e9 la proposition de Leeds.<\/p>\n<p class=\"mb-4 text-lg md:leading-8 break-words\">Il s&rsquo;agit d&rsquo;un pr\u00eat payant de 1 M\u20ac avec option d&rsquo;achat valoris\u00e9e \u00e0 5 M\u20ac. Bard, sous contrat jusqu&rsquo;en juin 2028, se rapproche donc tr\u00e8s nettement d&rsquo;une premi\u00e8re exp\u00e9rience \u00e0 l&rsquo;\u00e9tranger. Arriv\u00e9 \u00e0 l&rsquo;\u00e9t\u00e9 2021 de Lyon, son club formateur, il a disput\u00e9 pas moins de 193 matches toutes comp\u00e9titions confondues avec les Aiglons.<\/p>\n<p class=\"mb-4 text-lg md:leading-8 break-words\">Toute l&rsquo;actu des transferts<\/p>\n<p class=\"mb-4 text-lg md:leading-8 break-words\">L&rsquo;\u00c9quipe &#8211; Flavien Tr\u00e9sarrieu<\/p>\n","protected":false},"excerpt":{"rendered":"Nice a accept\u00e9 une offre de pr\u00eat payant avec option d&rsquo;achat de la part de Leeds pour son&hellip;\n","protected":false},"author":2,"featured_media":1160027,"comment_status":"","ping_status":"","sticky":false,"template":"","format":"standard","meta":{"footnotes":"","_share_on_mastodon":"0"},"categories":[2819],"tags":[119245,1111,11,119247,1777,674,118889,47936,1011,27,119244,94553,119248,12,2401,119243,882,25,119246,119249],"class_list":["post-1160026","post","type-post","status-publish","format-standard","has-post-thumbnail","category-nice","tag-accepte-la-proposition","tag-actu","tag-actualites","tag-et-cest-precisement-ce-qui-est-en-train-de-se","tag-eu","tag-europe","tag-f-faugere-lequipe","tag-formateur","tag-fr","tag-france","tag-kebbal","tag-melvin-bard","tag-montres-les","tag-news","tag-nice","tag-pret-payant-de-1-me-avec-option","tag-provence-alpes-cote-dazur","tag-republique-francaise","tag-si-les-deux-clubs","tag-toute-lactu-des-transferts"],"share_on_mastodon":{"url":"https:\/\/pubeurope.com\/@fr\/117192744659497282","error":""},"_links":{"self":[{"href":"https:\/\/www.europesays.com\/fr\/wp-json\/wp\/v2\/posts\/1160026","targetHints":{"allow":["GET"]}}],"collection":[{"href":"https:\/\/www.europesays.com\/fr\/wp-json\/wp\/v2\/posts"}],"about":[{"href":"https:\/\/www.europesays.com\/fr\/wp-json\/wp\/v2\/types\/post"}],"author":[{"embeddable":true,"href":"https:\/\/www.europesays.com\/fr\/wp-json\/wp\/v2\/users\/2"}],"replies":[{"embeddable":true,"href":"https:\/\/www.europesays.com\/fr\/wp-json\/wp\/v2\/comments?post=1160026"}],"version-history":[{"count":0,"href":"https:\/\/www.europesays.com\/fr\/wp-json\/wp\/v2\/posts\/1160026\/revisions"}],"wp:featuredmedia":[{"embeddable":true,"href":"https:\/\/www.europesays.com\/fr\/wp-json\/wp\/v2\/media\/1160027"}],"wp:attachment":[{"href":"https:\/\/www.europesays.com\/fr\/wp-json\/wp\/v2\/media?parent=1160026"}],"wp:term":[{"taxonomy":"category","embeddable":true,"href":"https:\/\/www.europesays.com\/fr\/wp-json\/wp\/v2\/categories?post=1160026"},{"taxonomy":"post_tag","embeddable":true,"href":"https:\/\/www.europesays.com\/fr\/wp-json\/wp\/v2\/tags?post=1160026"}],"curies":[{"name":"wp","href":"https:\/\/api.w.org\/{rel}","templated":true}]}}