{"id":1160049,"date":"2026-08-31T23:47:24","date_gmt":"2026-08-31T23:47:24","guid":{"rendered":"https:\/\/www.europesays.com\/fr\/1160049\/"},"modified":"2026-08-31T23:47:24","modified_gmt":"2026-08-31T23:47:24","slug":"se-dirige-t-on-enfin-vers-une-solution-tarifaire-pour-les-habitants-de-laisne-qui-utilisent-la-ligne-p-vers-paris","status":"publish","type":"post","link":"https:\/\/www.europesays.com\/fr\/1160049\/","title":{"rendered":"Se dirige-t-on enfin vers une solution tarifaire pour les habitants de l&rsquo;Aisne qui utilisent la ligne P vers Paris\u00a0?"},"content":{"rendered":"<p>                    Par<br \/>\n        <strong><br \/>\n            <a href=\"https:\/\/actu.fr\/auteur\/journaliste-br\" title=\"Consulter tous les articles de R\u00e9daction Coulommiers\" rel=\"nofollow noopener\" target=\"_blank\">R\u00e9daction Coulommiers<\/a><br \/>\n                    <\/strong><\/p>\n<p>        Publi\u00e9 le<\/p>\n<p>            31 ao\u00fbt 2026 \u00e0 19h08        <\/p>\n<p>Les voyageurs de la <a href=\"https:\/\/www.google.com\/search?sca_esv=17f5dce0afacffdc&amp;rlz=1C1GCEA_enFR1138FR1138&amp;biw=2327&amp;bih=1155&amp;sxsrf=APpeQns4KykicQZNmy6mrf7mhJ3wGymS-g:1788181903777&amp;q=ligne+P+site:actu.Fr&amp;spell=1&amp;sa=X&amp;ved=2ahUKEwjLkKzZ-MqWAxV4OPsDHeogOLoQkeECKAB6BAgPEAE\" rel=\"nofollow noopener\" target=\"_blank\">ligne P<\/a>, en direction de Paris, ont d\u00e9couvert \u00e0 leur retour de cong\u00e9s l\u2019installation de <b>deux nouvelles bornes<\/b> en gare de <a href=\"https:\/\/actu.fr\/hauts-de-france\/chateau-thierry_02168\" rel=\"nofollow noopener\" target=\"_blank\">Ch\u00e2teau-Thierry<\/a>. Cette gare, seule \u00e0 accueillir des voyageurs au sein de l\u2019Agglom\u00e9ration, illustre l\u2019avanc\u00e9e des <b>discussions entre les r\u00e9gions Hauts-de-France et \u00cele-de-France<\/b>. Ces \u00e9changes visent \u00e0 r\u00e9soudre les <b>probl\u00e8mes tarifaires<\/b> rencontr\u00e9s par les usagers, selon une communication officielle de la Ville de Ch\u00e2teau-Thierry.<\/p>\n<p class=\" wall-content\">La Ville pr\u00e9cise que ces discussions ont conduit, durant l\u2019\u00e9t\u00e9, \u00e0 un accord entre les deux r\u00e9gions pour la cr\u00e9ation d\u2019un <b>titre de transport unique<\/b>. Ce titre permettra d\u2019utiliser le Transilien depuis Ch\u00e2teau-Thierry et se pr\u00e9sente comme une version sp\u00e9cifique du passe Navigo en dehors de l\u2019\u00cele-de-France.<\/p>\n<p>De nouvelles bornes<\/p>\n<p class=\" wall-content\">Des bornes similaires \u00e0 celles install\u00e9es \u00e0 Ch\u00e2teau-Thierry ont \u00e9galement \u00e9t\u00e9 mises en place dans <b>les gares de Ch\u00e9zy-sur-Marne et de Nogent-l\u2019Artaud<\/b>. Ces installations refl\u00e8tent les efforts r\u00e9alis\u00e9s ces derniers mois. Cependant, elles ne sont pas encore op\u00e9rationnelles : \u00ab Le <b>tarif de ce nouveau titre reste \u00e0 d\u00e9finir<\/b> et les discussions se poursuivent. L\u2019objectif est bien de mettre fin \u00e0 une situation qui p\u00e9nalise depuis longtemps les habitants du sud de l\u2019Aisne, contraints de cumuler des titres et tarifications diff\u00e9rents pour leurs d\u00e9placements vers l\u2019\u00cele-de-France \u00bb, pr\u00e9cise la communication.<\/p>\n<p>Trouver une solution<\/p>\n<p class=\" wall-content\">S\u00e9bastien Eug\u00e8ne, maire de Ch\u00e2teau-Thierry et pr\u00e9sident de la communaut\u00e9 d\u2019agglom\u00e9ration de la r\u00e9gion de Ch\u00e2teau-Thierry (CARCT), a salu\u00e9 cette avanc\u00e9e : \u00ab Alors que les Sud-Axonais commen\u00e7aient \u00e0 douter, l\u2019installation de bornes Navigo cette semaine mat\u00e9rialise la bonne avanc\u00e9e des discussions entre les r\u00e9gions ainsi que du dialogue constant que j\u2019entretiens avec Christophe Coulon, vice-pr\u00e9sident de la r\u00e9gion Hauts-de-France en charge des mobilit\u00e9s, pour trouver une solution \u00bb.<\/p>\n<p class=\" wall-content\">Le vice-pr\u00e9sident Christophe Coulon, venu \u00e0 Ch\u00e2teau-Thierry en f\u00e9vrier \u00e0 l\u2019invitation du maire, a pris en charge ce dossier et \u00ab tient ses engagements \u00bb, selon S\u00e9bastien Eug\u00e8ne. Ce dernier ajoute : \u00ab Si elles constituent un signal tr\u00e8s positif, ces bornes ne sont pas encore fonctionnelles et le tarif doit encore \u00eatre d\u00e9termin\u00e9. L\u2019Agglom\u00e9ration et la Ville restent mobilis\u00e9s pour parvenir \u00e0 une solution simple et juste pour les usagers du Sud de l\u2019Aisne \u00bb.<\/p>\n<p>Vid\u00e9os : en ce moment sur Actu<\/p>\n<p class=\" wall-content\">Les conditions exactes pour l\u2019extension de ce forfait unique jusqu\u2019au sud de l\u2019Aisne, et notamment jusqu\u2019au terminus de Ch\u00e2teau-Thierry, restent \u00e0 pr\u00e9ciser.<\/p>\n<p class=\" wall-content\">Personnalisez votre actualit\u00e9 en ajoutant vos villes et m\u00e9dias en favori avec <a href=\"https:\/\/moncompte.actu.fr\" title=\"D\u00e9couvez Mon Actu\" rel=\"nofollow noopener\" data-trk=\"{&quot;cta&quot;:{&quot;action&quot;:&quot;https:\\\/\\\/moncompte.actu.fr&quot;,&quot;category&quot;:&quot;mon compte&quot;,&quot;from&quot;:&quot;article footer&quot;,&quot;name&quot;:&quot;Mon actu&quot;,&quot;type&quot;:&quot;cta&quot;}}\" target=\"_blank\">Mon Actu<\/a>.<\/p>\n","protected":false},"excerpt":{"rendered":"Par R\u00e9daction Coulommiers Publi\u00e9 le 31 ao\u00fbt 2026 \u00e0 19h08 Les voyageurs de la ligne P, en direction&hellip;\n","protected":false},"author":2,"featured_media":1160050,"comment_status":"","ping_status":"","sticky":false,"template":"","format":"standard","meta":{"footnotes":"","_share_on_mastodon":"0"},"categories":[1592],"tags":[1111,11,1777,674,1011,27,662,49693,12,626,25,104,2803],"class_list":["post-1160049","post","type-post","status-publish","format-standard","has-post-thumbnail","category-ile-de-france","tag-actu","tag-actualites","tag-eu","tag-europe","tag-fr","tag-france","tag-ile-de-france","tag-ligne-p","tag-news","tag-paris","tag-republique-francaise","tag-societe","tag-transport"],"share_on_mastodon":{"url":"https:\/\/pubeurope.com\/@fr\/117192795184879201","error":""},"_links":{"self":[{"href":"https:\/\/www.europesays.com\/fr\/wp-json\/wp\/v2\/posts\/1160049","targetHints":{"allow":["GET"]}}],"collection":[{"href":"https:\/\/www.europesays.com\/fr\/wp-json\/wp\/v2\/posts"}],"about":[{"href":"https:\/\/www.europesays.com\/fr\/wp-json\/wp\/v2\/types\/post"}],"author":[{"embeddable":true,"href":"https:\/\/www.europesays.com\/fr\/wp-json\/wp\/v2\/users\/2"}],"replies":[{"embeddable":true,"href":"https:\/\/www.europesays.com\/fr\/wp-json\/wp\/v2\/comments?post=1160049"}],"version-history":[{"count":0,"href":"https:\/\/www.europesays.com\/fr\/wp-json\/wp\/v2\/posts\/1160049\/revisions"}],"wp:featuredmedia":[{"embeddable":true,"href":"https:\/\/www.europesays.com\/fr\/wp-json\/wp\/v2\/media\/1160050"}],"wp:attachment":[{"href":"https:\/\/www.europesays.com\/fr\/wp-json\/wp\/v2\/media?parent=1160049"}],"wp:term":[{"taxonomy":"category","embeddable":true,"href":"https:\/\/www.europesays.com\/fr\/wp-json\/wp\/v2\/categories?post=1160049"},{"taxonomy":"post_tag","embeddable":true,"href":"https:\/\/www.europesays.com\/fr\/wp-json\/wp\/v2\/tags?post=1160049"}],"curies":[{"name":"wp","href":"https:\/\/api.w.org\/{rel}","templated":true}]}}