{"id":1160051,"date":"2026-08-31T23:49:21","date_gmt":"2026-08-31T23:49:21","guid":{"rendered":"https:\/\/www.europesays.com\/fr\/1160051\/"},"modified":"2026-08-31T23:49:21","modified_gmt":"2026-08-31T23:49:21","slug":"paris-va-connaitre-un-bouleversement-majeur-sur-le-marche-du-travail-dici-2050-une-tendance-unique-en-ile-de-france","status":"publish","type":"post","link":"https:\/\/www.europesays.com\/fr\/1160051\/","title":{"rendered":"Paris va conna\u00eetre un bouleversement majeur sur le march\u00e9 du travail d\u2019ici 2050, une tendance unique en \u00cele-de-France"},"content":{"rendered":"<p>                    Par<br \/>\n        <strong><br \/>\n            <a href=\"https:\/\/actu.fr\/auteur\/thomas-martin\" title=\"Consulter tous les articles de Thomas Martin\" rel=\"nofollow noopener\" target=\"_blank\">Thomas Martin<\/a><br \/>\n                    <\/strong><\/p>\n<p>        Publi\u00e9 le<\/p>\n<p>            31 ao\u00fbt 2026 \u00e0 6h02        <\/p>\n<p>Paris devrait encore <a href=\"https:\/\/actu.fr\/ile-de-france\/paris_75056\/paris-perd-encore-des-habitants-pourquoi-la-capitale-continue-a-se-vider-peu-a-peu_64153487.html\" rel=\"nofollow noopener\" target=\"_blank\">perdre des habitants<\/a> dans les prochaines d\u00e9cennies. Et avec eux, une partie importante de ses actifs. Selon une <a href=\"https:\/\/www.insee.fr\/fr\/statistiques\/9033953\" rel=\"nofollow noopener\" target=\"_blank\">\u00e9tude de l\u2019Insee<\/a> publi\u00e9e lundi 25 ao\u00fbt 2026, la population active de la capitale pourrait diminuer de 8,1 % entre 2022 et 2050. Autrement dit, en moins de trente ans, Paris perdrait pr\u00e8s d\u2019un actif sur douze. Une \u00e9volution qui distingue tr\u00e8s nettement la capitale du reste de l\u2019\u00cele-de-France.<\/p>\n<p>1,10 million d\u2019actifs \u00e0 Paris en 2050<\/p>\n<p class=\" wall-content\">En 2050, Paris ne compterait ainsi plus que 1,10 million d\u2019actifs, selon le sc\u00e9nario tendanciel retenu par l\u2019Insee. Sont consid\u00e9r\u00e9es comme actives les personnes en emploi mais aussi celles qui en recherchent un.<\/p>\n<p class=\" wall-content\">Surtout, contrairement \u00e0 ce qui est attendu ailleurs en \u00cele-de-France, le recul parisien ne serait pas concentr\u00e9 sur la fin de la p\u00e9riode. La baisse serait forte et r\u00e9guli\u00e8re jusqu\u2019en 2050.<\/p>\n<p class=\" wall-content\">Elle a d\u2019ailleurs d\u00e9j\u00e0 commenc\u00e9 dans les projections de l\u2019Institut : en prenant 2022 comme base 100, l\u2019indice parisien tombe \u00e0 97,9 d\u00e8s 2026, puis 96,6 en 2030, 95,5 en 2040 et finalement 91,9 en 2050.<\/p>\n<p>Pourquoi Paris d\u00e9crocherait autant<\/p>\n<p class=\" wall-content\">Pour expliquer cette singularit\u00e9, l\u2019Insee pointe d\u2019abord la <a href=\"https:\/\/actu.fr\/tag\/demographie\" rel=\"nofollow noopener\" target=\"_blank\">d\u00e9mographie<\/a> parisienne. La diminution du nombre d\u2019actifs suivrait celle de l\u2019ensemble de la population de la capitale.<\/p>\n<p class=\" wall-content\">L\u2019effet d\u00e9mographique y serait particuli\u00e8rement d\u00e9favorable en raison d\u2019une f\u00e9condit\u00e9 tr\u00e8s faible et d\u2019une population en moyenne plus \u00e2g\u00e9e de deux ans.<\/p>\n<p class=\" wall-content\">Plus largement, le vieillissement devrait profond\u00e9ment modifier le march\u00e9 du travail francilien. Entre 2022 et 2050, l\u2019\u00cele-de-France compterait 237 000 actifs de 55 ans ou plus suppl\u00e9mentaires, tandis que le nombre d\u2019actifs \u00e2g\u00e9s de 25 \u00e0 54 ans reculerait de 228 000. Le d\u00e9part progressif des g\u00e9n\u00e9rations du baby-boom et l\u2019arriv\u00e9e de g\u00e9n\u00e9rations moins nombreuses sur le march\u00e9 du travail expliquent notamment cette \u00e9volution.<\/p>\n<p>Une situation tr\u00e8s diff\u00e9rente aux portes de Paris<\/p>\n<p class=\" wall-content\">Le contraste est particuli\u00e8rement saisissant lorsqu\u2019on franchit le p\u00e9riph\u00e9rique. Car aucun autre d\u00e9partement francilien ne conna\u00eetrait une baisse comparable \u00e0 celle de Paris.<\/p>\n<p class=\" wall-content\">Entre 2022 et 2050, la population active augmenterait m\u00eame de 2,3 % en Seine-Saint-Denis, de 1,1 % dans le Val-de-Marne et de 0,7 % dans les Hauts-de-Seine.<\/p>\n<p class=\" wall-content\">\u00c0 l\u2019\u00e9chelle r\u00e9gionale, c\u2019est le Val-d\u2019Oise qui enregistrerait la progression la plus importante (+3,4 %), devant la Seine-Saint-Denis et la Seine-et-Marne (+2,3 % chacune). Seuls les Yvelines (-0,2 %) et l\u2019Essonne (-0,3 %) termineraient la p\u00e9riode l\u00e9g\u00e8rement sous leur niveau de 2022.<\/p>\n<p class=\" wall-content\">La Seine-Saint-Denis profiterait notamment de sa population jeune et d\u2019une natalit\u00e9 \u00e9lev\u00e9e. Dans les Hauts-de-Seine et le Val-de-Marne, un solde migratoire favorable permettrait en partie de contrebalancer le vieillissement d\u00e9mographique.<\/p>\n<p>L\u2019\u00cele-de-France atteindrait un pic en 2039<\/p>\n<p class=\" wall-content\">\u00c0 l\u2019\u00e9chelle de toute la r\u00e9gion, la trajectoire serait donc bien diff\u00e9rente de celle de Paris. L\u2019\u00cele-de-France comptait 6,36 millions d\u2019actifs en 2022. Leur nombre continuerait d\u2019abord \u00e0 progresser pour atteindre un pic de pr\u00e8s de 6,50 millions en 2039.<\/p>\n<p class=\" wall-content\">Il diminuerait ensuite pour retomber \u00e0 6,34 millions en 2050, soit l\u00e9g\u00e8rement moins qu\u2019en 2022.<\/p>\n<p class=\" wall-content\">Ces chiffres restent toutefois des projections et non des pr\u00e9visions certaines. L\u2019Insee construit son sc\u00e9nario tendanciel en prolongeant notamment les tendances d\u00e9mographiques et les comportements d\u2019activit\u00e9 r\u00e9cents. Une \u00e9volution diff\u00e9rente de la f\u00e9condit\u00e9, des migrations ou de la participation au march\u00e9 du travail pourrait donc modifier sensiblement la trajectoire.<\/p>\n<p class=\" wall-content\">L\u2019Institut a d\u2019ailleurs test\u00e9 d\u2019autres hypoth\u00e8ses. Si le taux d\u2019activit\u00e9 des 60-64 ans rejoignait celui des 55-59 ans, l\u2019\u00cele-de-France compterait environ 51 000 actifs suppl\u00e9mentaires en 2050 par rapport au sc\u00e9nario central. \u00c0 l\u2019inverse, avec des taux d\u2019activit\u00e9 maintenus \u00e0 leur niveau de 2018, la r\u00e9gion ne compterait plus que 6,14 millions d\u2019actifs \u00e0 cette date.<\/p>\n<p class=\" wall-content\">Personnalisez votre actualit\u00e9 en ajoutant vos villes et m\u00e9dias en favori avec <a href=\"https:\/\/moncompte.actu.fr\" title=\"D\u00e9couvez Mon Actu\" rel=\"nofollow noopener\" data-trk=\"{&quot;cta&quot;:{&quot;action&quot;:&quot;https:\\\/\\\/moncompte.actu.fr&quot;,&quot;category&quot;:&quot;mon compte&quot;,&quot;from&quot;:&quot;article footer&quot;,&quot;name&quot;:&quot;Mon actu&quot;,&quot;type&quot;:&quot;cta&quot;}}\" target=\"_blank\">Mon Actu<\/a>.<\/p>\n","protected":false},"excerpt":{"rendered":"Par Thomas Martin Publi\u00e9 le 31 ao\u00fbt 2026 \u00e0 6h02 Paris devrait encore perdre des habitants dans les&hellip;\n","protected":false},"author":2,"featured_media":1160052,"comment_status":"","ping_status":"","sticky":false,"template":"","format":"standard","meta":{"footnotes":"","_share_on_mastodon":"0"},"categories":[1888],"tags":[1111,1928,11,1927,6969,33,341,1777,674,1011,27,40927,12,1926,626,1925,25],"class_list":["post-1160051","post","type-post","status-publish","format-standard","has-post-thumbnail","category-paris","tag-actu","tag-actu-paris","tag-actualites","tag-actualites-paris","tag-demographie","tag-economie","tag-emploi","tag-eu","tag-europe","tag-fr","tag-france","tag-naissances","tag-news","tag-news-paris","tag-paris","tag-paris-news","tag-republique-francaise"],"share_on_mastodon":{"url":"https:\/\/pubeurope.com\/@fr\/117192803405719393","error":""},"_links":{"self":[{"href":"https:\/\/www.europesays.com\/fr\/wp-json\/wp\/v2\/posts\/1160051","targetHints":{"allow":["GET"]}}],"collection":[{"href":"https:\/\/www.europesays.com\/fr\/wp-json\/wp\/v2\/posts"}],"about":[{"href":"https:\/\/www.europesays.com\/fr\/wp-json\/wp\/v2\/types\/post"}],"author":[{"embeddable":true,"href":"https:\/\/www.europesays.com\/fr\/wp-json\/wp\/v2\/users\/2"}],"replies":[{"embeddable":true,"href":"https:\/\/www.europesays.com\/fr\/wp-json\/wp\/v2\/comments?post=1160051"}],"version-history":[{"count":0,"href":"https:\/\/www.europesays.com\/fr\/wp-json\/wp\/v2\/posts\/1160051\/revisions"}],"wp:featuredmedia":[{"embeddable":true,"href":"https:\/\/www.europesays.com\/fr\/wp-json\/wp\/v2\/media\/1160052"}],"wp:attachment":[{"href":"https:\/\/www.europesays.com\/fr\/wp-json\/wp\/v2\/media?parent=1160051"}],"wp:term":[{"taxonomy":"category","embeddable":true,"href":"https:\/\/www.europesays.com\/fr\/wp-json\/wp\/v2\/categories?post=1160051"},{"taxonomy":"post_tag","embeddable":true,"href":"https:\/\/www.europesays.com\/fr\/wp-json\/wp\/v2\/tags?post=1160051"}],"curies":[{"name":"wp","href":"https:\/\/api.w.org\/{rel}","templated":true}]}}